{"id":71190,"date":"2025-11-13T15:23:07","date_gmt":"2025-11-13T15:23:07","guid":{"rendered":"https:\/\/lahora.mx\/?p=71190"},"modified":"2025-11-13T15:23:08","modified_gmt":"2025-11-13T15:23:08","slug":"armenta-da-avance-de-apoyos-federales-a-las-sierras-norte-y-nororiental-por-756-mdp","status":"publish","type":"post","link":"https:\/\/lahora.mx\/index.php\/2025\/11\/13\/armenta-da-avance-de-apoyos-federales-a-las-sierras-norte-y-nororiental-por-756-mdp\/","title":{"rendered":"Armenta da avance de apoyos federales a las Sierras Norte y Nororiental por 756 mdp"},"content":{"rendered":"\n<p>El gobernador de Puebla, Alejandro Armenta Mier, confirm\u00f3 el inicio de la segunda entrega de apoyos federales por una cantidad de 756 millones de pesos, destinados a las familias afectadas por las intensas lluvias y deslaves en las regiones de la Sierra Norte y Nororiental del estado.<\/p>\n\n\n\n<p>Durante su intervenci\u00f3n en la \u00abConferencia del Pueblo\u00bb, el mandatario estatal salud\u00f3 a la audiencia desde Pantepec, se\u00f1alando que la entrega de recursos se estaba llevando a cabo en comunidades como Carrizal, donde estuvo presente la presidenta de la Rep\u00fablica, Claudia Sheinbaum Pardo.<br><br>Destac\u00f3 la labor coordinada y el \u00abextraordinario trabajo\u00bb del equipo del Delegado de Bienestar en el estado, Rodrigo Abdala, as\u00ed como de elementos del Ej\u00e9rcito, el general H\u00e9ctor \u00c1vila y Francisco Leana, y la presidenta municipal de Pantepec.<\/p>\n\n\n\n<p>\u00abEst\u00e1n nuestros hermanos recibiendo el apoyo. Aqu\u00ed est\u00e1 todo el equipo, est\u00e1n a punto de iniciar la entrega\u00bb, mencion\u00f3.<\/p>\n\n\n\n<p>Esta segunda etapa de apoyo forma parte del Programa para el Bienestar de las Personas en Emergencia Social o Natural (PESN), impulsado por el Gobierno Federal para la reconstrucci\u00f3n de viviendas, comercios y parcelas que sufrieron da\u00f1os tras las contingencias clim\u00e1ticas de octubre.<\/p>\n\n\n\n<p>La Secretar\u00eda de Bienestar federal ha precisado que esta segunda dispersi\u00f3n de recursos inici\u00f3 el 10 de noviembre y concluir\u00e1 el 16 de noviembre, con montos que var\u00edan seg\u00fan el nivel de afectaci\u00f3n.<\/p>\n\n\n\n<p>En viviendas, se destinar\u00e1 entre 15,000 y 70,000 pesos, dependiendo si el da\u00f1o fue medio, mayor o p\u00e9rdida total, mientras que en comercios, los apoyos son de 20,000 a 50,000 pesos.<\/p>\n\n\n\n<p>Por p\u00e9rdidas agr\u00edcolas o ganaderas, habr\u00e1 un monto \u00fanico de 50,000 pesos por unidad productiva da\u00f1ada.<\/p>\n\n\n\n<p>Las autoridades federales llevaron a cabo el censo de 2 mil 896 viviendas afectadas en la entidad poblana, de las 104 mil 417 que se registraron con da\u00f1os a nivel nacional y m\u00e1s de 347 mil 919 personas.<\/p>\n","protected":false},"excerpt":{"rendered":"<p>El gobernador de Puebla, Alejandro Armenta Mier, confirm\u00f3 el inicio de la segunda entrega de apoyos federales por una cantidad de 756 millones de pesos, destinados a las familias afectadas por las intensas lluvias y deslaves en las regiones de la Sierra Norte y Nororiental del estado. Durante su intervenci\u00f3n en la \u00abConferencia del Pueblo\u00bb, [&hellip;]<\/p>\n","protected":false},"author":1,"featured_media":71191,"comment_status":"open","ping_status":"open","sticky":false,"template":"","format":"standard","meta":{"om_disable_all_campaigns":false,"_monsterinsights_skip_tracking":false,"_monsterinsights_sitenote_active":false,"_monsterinsights_sitenote_note":"","_monsterinsights_sitenote_category":0,"footnotes":""},"categories":[175],"tags":[239,195,223],"class_list":["post-71190","post","type-post","status-publish","format-standard","has-post-thumbnail","hentry","category-local","tag-gobierno","tag-principal","tag-puebla"],"amp_enabled":true,"_links":{"self":[{"href":"https:\/\/lahora.mx\/index.php\/wp-json\/wp\/v2\/posts\/71190","targetHints":{"allow":["GET"]}}],"collection":[{"href":"https:\/\/lahora.mx\/index.php\/wp-json\/wp\/v2\/posts"}],"about":[{"href":"https:\/\/lahora.mx\/index.php\/wp-json\/wp\/v2\/types\/post"}],"author":[{"embeddable":true,"href":"https:\/\/lahora.mx\/index.php\/wp-json\/wp\/v2\/users\/1"}],"replies":[{"embeddable":true,"href":"https:\/\/lahora.mx\/index.php\/wp-json\/wp\/v2\/comments?post=71190"}],"version-history":[{"count":1,"href":"https:\/\/lahora.mx\/index.php\/wp-json\/wp\/v2\/posts\/71190\/revisions"}],"predecessor-version":[{"id":71192,"href":"https:\/\/lahora.mx\/index.php\/wp-json\/wp\/v2\/posts\/71190\/revisions\/71192"}],"wp:featuredmedia":[{"embeddable":true,"href":"https:\/\/lahora.mx\/index.php\/wp-json\/wp\/v2\/media\/71191"}],"wp:attachment":[{"href":"https:\/\/lahora.mx\/index.php\/wp-json\/wp\/v2\/media?parent=71190"}],"wp:term":[{"taxonomy":"category","embeddable":true,"href":"https:\/\/lahora.mx\/index.php\/wp-json\/wp\/v2\/categories?post=71190"},{"taxonomy":"post_tag","embeddable":true,"href":"https:\/\/lahora.mx\/index.php\/wp-json\/wp\/v2\/tags?post=71190"}],"curies":[{"name":"wp","href":"https:\/\/api.w.org\/{rel}","templated":true}]}}