{"id":7119,"date":"2022-05-19T00:45:50","date_gmt":"2022-05-19T00:45:50","guid":{"rendered":"http:\/\/lahora.mx\/?p=7119"},"modified":"2022-05-19T00:45:51","modified_gmt":"2022-05-19T00:45:51","slug":"poco-mas-de-15-toneladas-de-residuos-se-captaron-en-el-reciclaton-2022","status":"publish","type":"post","link":"https:\/\/lahora.mx\/index.php\/2022\/05\/19\/poco-mas-de-15-toneladas-de-residuos-se-captaron-en-el-reciclaton-2022\/","title":{"rendered":"Poco mas de 15 toneladas de residuos se captaron en el reciclat\u00f3n 2022"},"content":{"rendered":"\n<p>Alrededor de 15 toneladas de residuos, entre estas m\u00e1s de siete de electr\u00f3nicos y una y media de llantas de autos, motos y camiones, adem\u00e1s de casi 80 kilos de unicel y 140 de libretas usadas, fue el volumen recibido durante la primera jornada del Reciclat\u00f3n 2022, una actividad impulsada por la BUAP para generar conciencia sobre la importancia de reducir estos desechos y que no lleguen a rellenos sanitarios sin ser tratados.<\/p>\n\n\n\n<p>Diego Ariel Riva, director de Gesti\u00f3n Ambiental, de la Coordinaci\u00f3n General de Desarrollo Sustentable de la BUAP, calific\u00f3 como todo un \u00e9xito esta jornada a la cual asistieron m\u00e1s de mil personas este martes 17, en el Complejo Cultural Universitario, donde destac\u00f3 la presencia de 200 ni\u00f1as y ni\u00f1os de escuelas primarias, de la Fundaci\u00f3n Casa de la Ni\u00f1ez y de Escuelas Comunitarias del CUPS de la BUAP; as\u00ed como de alumnos y maestros de la instituci\u00f3n y representantes de siete empresas asociadas: Green Carson, Solep, Proambi, Carvajal Empaques, EcoTryp, Eco Filter y Bachet\u00f3n.<\/p>\n\n\n\n<p>De los materiales valorizables, el mayor volumen recolectado fue de papel, cart\u00f3n y vidrio, seguido de PET, HDPE y tapitas. Es de destacar la importante cantidad de ropa usada recibida. A cambio se entregaron en trueque m\u00e1s de 130 plantas &nbsp;(aguacate criollo, jamaica y cempas\u00fachil) germinadas en el vivero universitario de la BUAP, con el apoyo de alumnos de servicio social y pr\u00e1cticas profesionales de la Facultad de Ciencias Biol\u00f3gicas; adem\u00e1s, unos 100 kilogramos de abono org\u00e1nico proporcionados por la empresa Green Carson y Solep, y 216 libretas nuevas a cambio de las usadas.<\/p>\n\n\n\n<p>Ariel Riva record\u00f3 que el equivalente de todos los materiales valorizables ser\u00e1 entregado al CUPS, para apoyar su programa de Escuelas Comunitarias que beneficia a ni\u00f1as, ni\u00f1os y j\u00f3venes de escasos recursos; las tapitas, a la fundaci\u00f3n Nueva Esperanza; y en el caso de electr\u00f3nicos y llantas, a las empresas que realizan este tipo de reciclaje.<\/p>\n\n\n\n<p>Para finalizar, agradeci\u00f3 el apoyo de la comunidad universitaria, las empresas participantes y de la sociedad en general para la buena marcha de esta actividad, la cual se espera repetir en agosto pr\u00f3ximo.<\/p>\n\n\n\n<p>En el cuidado del medio ambiente, desde la Direcci\u00f3n de Gesti\u00f3n Ambiental se trabaja con las cinco Rs: reciclar, reducir, recuperar, reutilizar y reflexionar sobre los desechos generados por nuestra forma de vida y actividades.<\/p>\n","protected":false},"excerpt":{"rendered":"<p>Alrededor de 15 toneladas de residuos, entre estas m\u00e1s de siete de electr\u00f3nicos y una y media de llantas de autos, motos y camiones, adem\u00e1s de casi 80 kilos de unicel y 140 de libretas usadas, fue el volumen recibido durante la primera jornada del Reciclat\u00f3n 2022, una actividad impulsada por la BUAP para generar [&hellip;]<\/p>\n","protected":false},"author":4,"featured_media":7120,"comment_status":"open","ping_status":"open","sticky":false,"template":"","format":"standard","meta":{"om_disable_all_campaigns":false,"_monsterinsights_skip_tracking":false,"_monsterinsights_sitenote_active":false,"_monsterinsights_sitenote_note":"","_monsterinsights_sitenote_category":0,"footnotes":""},"categories":[175],"tags":[195,223],"class_list":["post-7119","post","type-post","status-publish","format-standard","has-post-thumbnail","hentry","category-local","tag-principal","tag-puebla"],"amp_enabled":true,"_links":{"self":[{"href":"https:\/\/lahora.mx\/index.php\/wp-json\/wp\/v2\/posts\/7119","targetHints":{"allow":["GET"]}}],"collection":[{"href":"https:\/\/lahora.mx\/index.php\/wp-json\/wp\/v2\/posts"}],"about":[{"href":"https:\/\/lahora.mx\/index.php\/wp-json\/wp\/v2\/types\/post"}],"author":[{"embeddable":true,"href":"https:\/\/lahora.mx\/index.php\/wp-json\/wp\/v2\/users\/4"}],"replies":[{"embeddable":true,"href":"https:\/\/lahora.mx\/index.php\/wp-json\/wp\/v2\/comments?post=7119"}],"version-history":[{"count":2,"href":"https:\/\/lahora.mx\/index.php\/wp-json\/wp\/v2\/posts\/7119\/revisions"}],"predecessor-version":[{"id":13086,"href":"https:\/\/lahora.mx\/index.php\/wp-json\/wp\/v2\/posts\/7119\/revisions\/13086"}],"wp:featuredmedia":[{"embeddable":true,"href":"https:\/\/lahora.mx\/index.php\/wp-json\/wp\/v2\/media\/7120"}],"wp:attachment":[{"href":"https:\/\/lahora.mx\/index.php\/wp-json\/wp\/v2\/media?parent=7119"}],"wp:term":[{"taxonomy":"category","embeddable":true,"href":"https:\/\/lahora.mx\/index.php\/wp-json\/wp\/v2\/categories?post=7119"},{"taxonomy":"post_tag","embeddable":true,"href":"https:\/\/lahora.mx\/index.php\/wp-json\/wp\/v2\/tags?post=7119"}],"curies":[{"name":"wp","href":"https:\/\/api.w.org\/{rel}","templated":true}]}}