{"id":71168,"date":"2025-11-12T15:44:00","date_gmt":"2025-11-12T15:44:00","guid":{"rendered":"https:\/\/lahora.mx\/?p=71168"},"modified":"2025-11-12T19:19:00","modified_gmt":"2025-11-12T19:19:00","slug":"desplegara-gobierno-de-la-ciudad-dispositivo-buen-fin-2025-para-mantener-la-capital-en-orden","status":"publish","type":"post","link":"https:\/\/lahora.mx\/index.php\/2025\/11\/12\/desplegara-gobierno-de-la-ciudad-dispositivo-buen-fin-2025-para-mantener-la-capital-en-orden\/","title":{"rendered":"Desplegar\u00e1 Gobierno de la Ciudad dispositivo \u00abBuen Fin 2025\u00bb para mantener la capital en orden"},"content":{"rendered":"\n<p>Con el objetivo de garantizar, mantener y establecer el orden y la paz social de todas las personas que acudir\u00e1n a realizar sus compras en plazas comerciales, tiendas departamentales y establecimientos de gran afluencia, el Gobierno de la Ciudad que encabeza el presidente municipal Pepe Chedraui Budib, desplegar\u00e1 el dispositivo \u201cBuen Fin 2025\u201d.<\/p>\n\n\n\n<p>En conferencia de prensa, el secretario General de Gobierno, Franco Rodr\u00edguez, anunci\u00f3 que no habr\u00e1 instalaci\u00f3n del comercio popular en el Centro Hist\u00f3rico durante los d\u00edas de El Buen Fin, con el objetivo de respetar e impulsar el comercio legalmente establecido.<\/p>\n\n\n\n<p>Por otro lado, adelant\u00f3 que se dispondr\u00e1n de tres espacios para la venta de productos navide\u00f1os del 21 de noviembre al 21 de diciembre: la zona del Centro Escolar Ni\u00f1os H\u00e9roes de Chapultepec, el Parque Enrique Ben\u00edtez en Huexotitla y el callej\u00f3n John Lennon en la zona del Carolino.<\/p>\n\n\n\n<p>Por su parte, el secretario de Econom\u00eda y Turismo, Jaime Oropeza Casas, invit\u00f3 a las y los poblanos a aprovechar las ofertas y promociones que habr\u00e1 en el sector comercio del13 al 17 de noviembre, en el marco de la iniciativa de promoci\u00f3n econ\u00f3mica El Buen Fin, y a preferir los art\u00edculos de productores y artesanos locales, con el objetivo de reforzar la econom\u00eda de la Ciudad de Puebla.<\/p>\n\n\n\n<p>Exhorto a las familias y a todas las personas que planeen sus compras, definiendo un presupuesto, comparando precios entre diferentes comercios o asegurarse de que sean sitios seguros en el caso de operaciones en sitios web y cuidar el uso de tarjeta de cr\u00e9dito.<\/p>\n\n\n\n<p>Por \u00faltimo, record\u00f3 que la Concanaco-Servytur estima una derrama econ\u00f3mica de hasta 200 mil millones de pesos en todo el pa\u00eds.<\/p>\n\n\n\n<p>En su mensaje el titular de la Secretar\u00eda de Seguridad Ciudadana (SSC) de la Ciudad de Puebla, coronel F\u00e9lix Pallares Miranda, expres\u00f3 que el operativo de seguridad y vialidad se implementar\u00e1 desde las 07:00 horas del jueves 13 hasta el lunes 17 de noviembre, con presencia al inicio y al t\u00e9rmino de las actividades de cada d\u00eda, por lo que se dispondr\u00e1 de un estado de fuerza de m\u00e1s de 300 elementos de la Polic\u00eda de la Ciudad, con todo y sus Grupos Especiales, Control de Tr\u00e1nsito, Prevenci\u00f3n del Delito, Protecci\u00f3n Civil, Direcci\u00f3n General de Emergencia y Respuesta Inmediata (DGERI), Inteligencia y Monitores CALEA.<\/p>\n\n\n\n<p>Los efectivos estar\u00e1n apoyados de patrullas, moto patrullas, ambulancias, pipas, motobombas, carros razer y drones.<\/p>\n\n\n\n<p>El personal de la SSC centrar\u00e1 su vigilancia y recorridos de proximidad y prevenci\u00f3n sobre zonas comerciales, lugares de esparcimiento familiar, sucursales bancarias, cajeros autom\u00e1ticos, centrales de autobuses, zonas gastron\u00f3micas, adem\u00e1s de la supervisi\u00f3n preventiva y de monitoreo en las principales plazas comerciales de la capital en orden.<\/p>\n\n\n\n<p>Tambi\u00e9n, se mantendr\u00e1 la presencia en el transporte p\u00fablico incluyendo la Red Urbana de Transporte Articulado (RUTA), as\u00ed como en el Centro Hist\u00f3rico y las 17 juntas auxiliares, para brindar apoyo a consumidores, adem\u00e1s de los trabajadores de establecimientos, con la finalidad de prevenir la comisi\u00f3n de alg\u00fan delito.<\/p>\n\n\n\n<p>Por medio de las c\u00e1maras de videovigilancia de la Direcci\u00f3n General de Emergencia y Respuesta Inmediata (DGERI) y uso de naves no tripuladas (drones), se realizar\u00e1 un monitoreo continuo para la detecci\u00f3n de cualquier acto que altere el orden p\u00fablico o ponga en riesgo la seguridad e integridad de las personas.<\/p>\n\n\n\n<p>Por su parte, personal de la Direcci\u00f3n General de Control de Tr\u00e1nsito, coadyuvar\u00e1 con la vigilancia de la vialidad y la movilidad segura, por ello, a los asistentes a zonas comerciales y a los automovilistas, se les recomienda seguir las indicaciones de los oficiales.<\/p>\n","protected":false},"excerpt":{"rendered":"<p>Con el objetivo de garantizar, mantener y establecer el orden y la paz social de todas las personas que acudir\u00e1n a realizar sus compras en plazas comerciales, tiendas departamentales y establecimientos de gran afluencia, el Gobierno de la Ciudad que encabeza el presidente municipal Pepe Chedraui Budib, desplegar\u00e1 el dispositivo \u201cBuen Fin 2025\u201d. En conferencia [&hellip;]<\/p>\n","protected":false},"author":1,"featured_media":71169,"comment_status":"open","ping_status":"open","sticky":false,"template":"","format":"standard","meta":{"om_disable_all_campaigns":false,"_monsterinsights_skip_tracking":false,"_monsterinsights_sitenote_active":false,"_monsterinsights_sitenote_note":"","_monsterinsights_sitenote_category":0,"footnotes":""},"categories":[175],"tags":[239,195,223],"class_list":["post-71168","post","type-post","status-publish","format-standard","has-post-thumbnail","hentry","category-local","tag-gobierno","tag-principal","tag-puebla"],"amp_enabled":true,"_links":{"self":[{"href":"https:\/\/lahora.mx\/index.php\/wp-json\/wp\/v2\/posts\/71168","targetHints":{"allow":["GET"]}}],"collection":[{"href":"https:\/\/lahora.mx\/index.php\/wp-json\/wp\/v2\/posts"}],"about":[{"href":"https:\/\/lahora.mx\/index.php\/wp-json\/wp\/v2\/types\/post"}],"author":[{"embeddable":true,"href":"https:\/\/lahora.mx\/index.php\/wp-json\/wp\/v2\/users\/1"}],"replies":[{"embeddable":true,"href":"https:\/\/lahora.mx\/index.php\/wp-json\/wp\/v2\/comments?post=71168"}],"version-history":[{"count":1,"href":"https:\/\/lahora.mx\/index.php\/wp-json\/wp\/v2\/posts\/71168\/revisions"}],"predecessor-version":[{"id":71170,"href":"https:\/\/lahora.mx\/index.php\/wp-json\/wp\/v2\/posts\/71168\/revisions\/71170"}],"wp:featuredmedia":[{"embeddable":true,"href":"https:\/\/lahora.mx\/index.php\/wp-json\/wp\/v2\/media\/71169"}],"wp:attachment":[{"href":"https:\/\/lahora.mx\/index.php\/wp-json\/wp\/v2\/media?parent=71168"}],"wp:term":[{"taxonomy":"category","embeddable":true,"href":"https:\/\/lahora.mx\/index.php\/wp-json\/wp\/v2\/categories?post=71168"},{"taxonomy":"post_tag","embeddable":true,"href":"https:\/\/lahora.mx\/index.php\/wp-json\/wp\/v2\/tags?post=71168"}],"curies":[{"name":"wp","href":"https:\/\/api.w.org\/{rel}","templated":true}]}}