{"id":7115,"date":"2022-05-19T00:41:59","date_gmt":"2022-05-19T00:41:59","guid":{"rendered":"http:\/\/lahora.mx\/?p=7115"},"modified":"2022-05-19T00:42:21","modified_gmt":"2022-05-19T00:42:21","slug":"volkswagen-detiene-por-12-dias-la-produccion-del-jetta","status":"publish","type":"post","link":"https:\/\/lahora.mx\/index.php\/2022\/05\/19\/volkswagen-detiene-por-12-dias-la-produccion-del-jetta\/","title":{"rendered":"Volkswagen detiene por 12 d\u00edas la producci\u00f3n del Jetta"},"content":{"rendered":"\n<p>Debido a la<strong>&nbsp;falta de componentes para la elaboraci\u00f3n de autom\u00f3viles, l<\/strong>a empresa Volkswagen M\u00e9xico con sede en Puebla tom\u00f3 la decisi\u00f3n de&nbsp;<strong>detener la producci\u00f3n del Jetta durante 12 d\u00edas.<\/strong><\/p>\n\n\n\n<p>A trav\u00e9s de un comunicado interno, e<strong>l sindicato de la compa\u00f1\u00eda automotriz dio a conocer que el paro de actividades&nbsp;<\/strong>comenz\u00f3 a partir de este&nbsp;<strong>mi\u00e9rcoles 18 de mayo y regresar\u00e1n a la normalidad el pr\u00f3ximo lunes 30 de mayo.<\/strong><br><\/p>\n\n\n\n<p>Debido a esta situaci\u00f3n, se coment\u00f3 que en la semana que comprende del 16 al 22 de mayo,&nbsp;<strong>los trabajadores percibir\u00e1n un salario del 81.79 por ciento, sin afectaci\u00f3n al sexto y s\u00e9ptimo d\u00eda.<\/strong><\/p>\n\n\n\n<p>Por otra parte,&nbsp;<strong>de la semana del 23 al 29 de mayo sus ingresos ser\u00e1n a\u00fan m\u00e1s bajos,&nbsp;<\/strong>pues se tiene programado pagarles \u00fanicamente el 69.65 por ciento de su salario.<\/p>\n\n\n\n<p><em>\u201cDebido a la falta de disponibilidad de componentes, es necesario implementar paros en la producci\u00f3n para el segmento 1 Jetta y sus \u00e1reas auxiliares. Solicitamos su comprensi\u00f3n, debido a que se trata de circunstancias ajenas a la voluntad de las partes\u201d<\/em>, explic\u00f3 el sindicato.<\/p>\n\n\n\n<p>A fin de no afectar econ\u00f3micamente a los empleados,&nbsp;<strong>se inform\u00f3 que aquellos que cuenten con saldo disponible para vacaciones, podr\u00e1n hacer uso de esos d\u00edas para no obtener descuentos.<\/strong><br><\/p>\n\n\n\n<p>Tambi\u00e9n&nbsp;<strong>se dio a conocer que durante el paro t\u00e9cnico se respetar\u00e1 el rol de turnos en todos los segmentos<\/strong>, por lo que el personal que se convocado a trabajar deber\u00e1 asistir de manera normal, ya que es un d\u00eda ordinario de trabajo.<\/p>\n\n\n\n<p>Para el arranque de operaciones,<strong>&nbsp;se tiene programado citar a cierto n\u00famero de empleados en cada una de las \u00e1reas para garantizar los equipos<\/strong>&nbsp;y materiales requeridos.<\/p>\n","protected":false},"excerpt":{"rendered":"<p>Debido a la&nbsp;falta de componentes para la elaboraci\u00f3n de autom\u00f3viles, la empresa Volkswagen M\u00e9xico con sede en Puebla tom\u00f3 la decisi\u00f3n de&nbsp;detener la producci\u00f3n del Jetta durante 12 d\u00edas. A trav\u00e9s de un comunicado interno, el sindicato de la compa\u00f1\u00eda automotriz dio a conocer que el paro de actividades&nbsp;comenz\u00f3 a partir de este&nbsp;mi\u00e9rcoles 18 de [&hellip;]<\/p>\n","protected":false},"author":4,"featured_media":7116,"comment_status":"open","ping_status":"open","sticky":false,"template":"","format":"standard","meta":{"om_disable_all_campaigns":false,"_monsterinsights_skip_tracking":false,"_monsterinsights_sitenote_active":false,"_monsterinsights_sitenote_note":"","_monsterinsights_sitenote_category":0,"footnotes":""},"categories":[175],"tags":[195,223],"class_list":["post-7115","post","type-post","status-publish","format-standard","has-post-thumbnail","hentry","category-local","tag-principal","tag-puebla"],"amp_enabled":true,"_links":{"self":[{"href":"https:\/\/lahora.mx\/index.php\/wp-json\/wp\/v2\/posts\/7115","targetHints":{"allow":["GET"]}}],"collection":[{"href":"https:\/\/lahora.mx\/index.php\/wp-json\/wp\/v2\/posts"}],"about":[{"href":"https:\/\/lahora.mx\/index.php\/wp-json\/wp\/v2\/types\/post"}],"author":[{"embeddable":true,"href":"https:\/\/lahora.mx\/index.php\/wp-json\/wp\/v2\/users\/4"}],"replies":[{"embeddable":true,"href":"https:\/\/lahora.mx\/index.php\/wp-json\/wp\/v2\/comments?post=7115"}],"version-history":[{"count":2,"href":"https:\/\/lahora.mx\/index.php\/wp-json\/wp\/v2\/posts\/7115\/revisions"}],"predecessor-version":[{"id":7118,"href":"https:\/\/lahora.mx\/index.php\/wp-json\/wp\/v2\/posts\/7115\/revisions\/7118"}],"wp:featuredmedia":[{"embeddable":true,"href":"https:\/\/lahora.mx\/index.php\/wp-json\/wp\/v2\/media\/7116"}],"wp:attachment":[{"href":"https:\/\/lahora.mx\/index.php\/wp-json\/wp\/v2\/media?parent=7115"}],"wp:term":[{"taxonomy":"category","embeddable":true,"href":"https:\/\/lahora.mx\/index.php\/wp-json\/wp\/v2\/categories?post=7115"},{"taxonomy":"post_tag","embeddable":true,"href":"https:\/\/lahora.mx\/index.php\/wp-json\/wp\/v2\/tags?post=7115"}],"curies":[{"name":"wp","href":"https:\/\/api.w.org\/{rel}","templated":true}]}}