{"id":71147,"date":"2025-11-12T03:25:37","date_gmt":"2025-11-12T03:25:37","guid":{"rendered":"https:\/\/lahora.mx\/?p=71147"},"modified":"2025-11-12T03:25:38","modified_gmt":"2025-11-12T03:25:38","slug":"detienen-a-6-militares-relacionados-con-muerte-de-2-menores-en-badiraguato","status":"publish","type":"post","link":"https:\/\/lahora.mx\/index.php\/2025\/11\/12\/detienen-a-6-militares-relacionados-con-muerte-de-2-menores-en-badiraguato\/","title":{"rendered":"Detienen a 6 militares relacionados con muerte de 2 menores en Badiraguato"},"content":{"rendered":"\n<p class=\"wp-block-paragraph\">Elementos de la Secretar\u00eda de Seguridad P\u00fablica del Pueblo M\u00e1gico de Teziutl\u00e1n detuvieron a tres hombres que viajaban a bordo de un veh\u00edculo con art\u00edculos de dudosa procedencia. La unidad pertenece a una aplicaci\u00f3n de transporte y se encuentra registrada entre los agremiados de la AMOTAC con \u201cH\u201d.<\/p>\n\n\n\n<p class=\"wp-block-paragraph\">Los hechos ocurrieron la madrugada de este martes, cuando una patrulla municipal realizaba un recorrido de rutina sobre la calle Francisco Sarabia. Los uniformados observaron que un sujeto descendi\u00f3 r\u00e1pidamente de un veh\u00edculo e ingres\u00f3 a su domicilio. Este individuo, identificado como Gallegos Valencia, es conocido en la zona por su presunta participaci\u00f3n en robos cometidos en el municipio.<\/p>\n\n\n\n<p class=\"wp-block-paragraph\">Al percatarse de la presencia policial, el conductor del autom\u00f3vil intent\u00f3 huir, pero fue alcanzado e interceptado sobre la calle Maestros M\u00e1rtires de la Educaci\u00f3n, a la altura del fraccionamiento La Maceta.<\/p>\n\n\n\n<p class=\"wp-block-paragraph\">Durante la revisi\u00f3n, el chofer asegur\u00f3 ser conductor de una aplicaci\u00f3n llamada Pronto y que \u00fanicamente realizaba su trabajo. Sin embargo, tanto \u00e9l como sus acompa\u00f1antes mostraron una actitud agresiva, por lo que los agentes solicitaron que descendieran del veh\u00edculo.<\/p>\n\n\n\n<p class=\"wp-block-paragraph\">Al inspeccionar la unidad, los polic\u00edas encontraron diversas herramientas de alba\u00f1iler\u00eda y otros objetos de valor, cuya procedencia no pudieron acreditar. En consecuencia, los tres hombres fueron trasladados a la comandancia municipal.<\/p>\n\n\n\n<p class=\"wp-block-paragraph\">Los detenidos fueron identificados como Jes\u00fas Reyes \u201cN\u201d, de 40 a\u00f1os, con domicilio en la calle J. R. Ramiro Gavil\u00e1n de la junta auxiliar de San Diego; Fernando Guzm\u00e1n \u201cN\u201d, de 22 a\u00f1os, con domicilio en la calle Reforma del barrio de Maxtaco; y Daniel Galindo \u201cN\u201d, de 25 a\u00f1os, vecino de la calle Ignacio Manuel Altamirano en el municipio de Chignautla. Tras leerles sus derechos, fueron puestos a disposici\u00f3n de las autoridades correspondientes y recluidos en los separos de la Polic\u00eda Municipal.<\/p>\n","protected":false},"excerpt":{"rendered":"<p>Elementos de la Secretar\u00eda de Seguridad P\u00fablica del Pueblo M\u00e1gico de Teziutl\u00e1n detuvieron a tres hombres que viajaban a bordo de un veh\u00edculo con art\u00edculos de dudosa procedencia. La unidad pertenece a una aplicaci\u00f3n de transporte y se encuentra registrada entre los agremiados de la AMOTAC con \u201cH\u201d. Los hechos ocurrieron la madrugada de este [&hellip;]<\/p>\n","protected":false},"author":1,"featured_media":71148,"comment_status":"open","ping_status":"open","sticky":false,"template":"","format":"standard","meta":{"om_disable_all_campaigns":false,"_monsterinsights_skip_tracking":false,"footnotes":""},"categories":[226],"tags":[],"class_list":["post-71147","post","type-post","status-publish","format-standard","has-post-thumbnail","hentry","category-policia"],"amp_enabled":true,"_links":{"self":[{"href":"https:\/\/lahora.mx\/index.php\/wp-json\/wp\/v2\/posts\/71147","targetHints":{"allow":["GET"]}}],"collection":[{"href":"https:\/\/lahora.mx\/index.php\/wp-json\/wp\/v2\/posts"}],"about":[{"href":"https:\/\/lahora.mx\/index.php\/wp-json\/wp\/v2\/types\/post"}],"author":[{"embeddable":true,"href":"https:\/\/lahora.mx\/index.php\/wp-json\/wp\/v2\/users\/1"}],"replies":[{"embeddable":true,"href":"https:\/\/lahora.mx\/index.php\/wp-json\/wp\/v2\/comments?post=71147"}],"version-history":[{"count":1,"href":"https:\/\/lahora.mx\/index.php\/wp-json\/wp\/v2\/posts\/71147\/revisions"}],"predecessor-version":[{"id":71149,"href":"https:\/\/lahora.mx\/index.php\/wp-json\/wp\/v2\/posts\/71147\/revisions\/71149"}],"wp:featuredmedia":[{"embeddable":true,"href":"https:\/\/lahora.mx\/index.php\/wp-json\/wp\/v2\/media\/71148"}],"wp:attachment":[{"href":"https:\/\/lahora.mx\/index.php\/wp-json\/wp\/v2\/media?parent=71147"}],"wp:term":[{"taxonomy":"category","embeddable":true,"href":"https:\/\/lahora.mx\/index.php\/wp-json\/wp\/v2\/categories?post=71147"},{"taxonomy":"post_tag","embeddable":true,"href":"https:\/\/lahora.mx\/index.php\/wp-json\/wp\/v2\/tags?post=71147"}],"curies":[{"name":"wp","href":"https:\/\/api.w.org\/{rel}","templated":true}]}}