{"id":7111,"date":"2022-05-19T00:39:34","date_gmt":"2022-05-19T00:39:34","guid":{"rendered":"http:\/\/lahora.mx\/?p=7111"},"modified":"2022-05-19T00:39:38","modified_gmt":"2022-05-19T00:39:38","slug":"tepjf-confirma-que-rivera-perez-violo-veda-de-la-revocacion","status":"publish","type":"post","link":"https:\/\/lahora.mx\/index.php\/2022\/05\/19\/tepjf-confirma-que-rivera-perez-violo-veda-de-la-revocacion\/","title":{"rendered":"TEPJF confirma que Rivera P\u00e9rez viol\u00f3 veda de la revocaci\u00f3n"},"content":{"rendered":"\n<p>Por&nbsp;<strong>difundir<\/strong>&nbsp;<strong>acciones de gobierno<\/strong>&nbsp;en su cuenta de Twitter, la Sala Superior del TEPJF confirm\u00f3 que el presidente municipal de Puebla,&nbsp;<strong>Eduardo Rivera P\u00e9rez<\/strong>, incurri\u00f3 en una violaci\u00f3n a la veda de la consulta de revocaci\u00f3n de mandato.<\/p>\n\n\n\n<p>En sesi\u00f3n virtual este mi\u00e9rcoles el Tribunal Electoral del Poder Judicial de la Federaci\u00f3n (TEPJF)\u00a0<strong>desech\u00f3 la impugnaci\u00f3n del alcalde\u00a0<\/strong>bajo el expediente SUP-REP-282\/2022, con el cual pretend\u00eda revocar la resoluci\u00f3n de la Sala Especializada en donde se\u00f1al\u00f3 al panista de romper la veda.<br><\/p>\n\n\n\n<p>En la publicaci\u00f3n sancionada se hizo referencia a&nbsp;<strong>una mejora de movilidad en la ciudad,<\/strong>&nbsp;lo cual, a decir del tribunal, pudo ir enfocado a&nbsp;<strong>persuadir la opini\u00f3n de la ciudadan\u00eda<\/strong>&nbsp;a favor de su administraci\u00f3n.<\/p>\n\n\n\n<p>En su an\u00e1lisis, la Sala Superior&nbsp;<strong>concluy\u00f3 que la revisi\u00f3n de la Especializada fue correcta<\/strong>, luego de la denuncia interpuesta en el Instituto Nacional Electoral (INE) el 18 de febrero por el dirigente estatal de Morena,&nbsp;<strong>Arist\u00f3teles Belmont Cort\u00e9s.<\/strong><\/p>\n\n\n\n<p>\u201cLa publicaci\u00f3n tuvo como prop\u00f3sito\u00a0<strong>buscar la adhesi\u00f3n o persuasi\u00f3n de la ciudadan\u00eda<\/strong>, al presentarse un acontecimiento ocurrido en la administraci\u00f3n del recurrente, hizo la publicaci\u00f3n en su red social\u00a0<strong>buscando lograr notoriedad<\/strong>\u201d, concluy\u00f3 la sentencia.<br><\/p>\n\n\n\n<p>Con la confirmaci\u00f3n de la sentencia, el TEPJF&nbsp;<strong>dar\u00e1 vista a la Contralor\u00eda Municipal de Puebla<\/strong>, con la finalidad de que&nbsp;<strong>determine la sanci\u00f3n aplicable<\/strong>&nbsp;<strong>para el edil panista<\/strong>.<\/p>\n\n\n\n<p>La veda por la revocaci\u00f3n de mandato impulsada por el presidente&nbsp;<strong>Andr\u00e9s Manuel L\u00f3pez Obrador<\/strong>, comprendi\u00f3&nbsp;<strong>del 4 de febrero al 10 de abril<\/strong>, aunque las acciones gubernamentales no se cancelaron, los tres \u00f3rdenes de gobierno estaban obligados a&nbsp;<strong>no hacer propaganda ni difusi\u00f3n de su trabajo.<\/strong><\/p>\n\n\n\n<p>En su momento, el presidente municipal y las dirigencias estatal y municipal del PAN, argumentaron que las ruedas de prensa y eventos diarios para dar a conocer acciones de gobierno,\u00a0<strong>deb\u00edan mantenerse porque la gente ten\u00eda derecho a informarse del trabajo<\/strong>\u00a0en la capital poblana.<br><\/p>\n","protected":false},"excerpt":{"rendered":"<p>Por&nbsp;difundir&nbsp;acciones de gobierno&nbsp;en su cuenta de Twitter, la Sala Superior del TEPJF confirm\u00f3 que el presidente municipal de Puebla,&nbsp;Eduardo Rivera P\u00e9rez, incurri\u00f3 en una violaci\u00f3n a la veda de la consulta de revocaci\u00f3n de mandato. En sesi\u00f3n virtual este mi\u00e9rcoles el Tribunal Electoral del Poder Judicial de la Federaci\u00f3n (TEPJF)\u00a0desech\u00f3 la impugnaci\u00f3n del alcalde\u00a0bajo el [&hellip;]<\/p>\n","protected":false},"author":4,"featured_media":7113,"comment_status":"open","ping_status":"open","sticky":false,"template":"","format":"standard","meta":{"om_disable_all_campaigns":false,"_monsterinsights_skip_tracking":false,"_monsterinsights_sitenote_active":false,"_monsterinsights_sitenote_note":"","_monsterinsights_sitenote_category":0,"footnotes":""},"categories":[175],"tags":[223],"class_list":["post-7111","post","type-post","status-publish","format-standard","has-post-thumbnail","hentry","category-local","tag-puebla"],"amp_enabled":true,"_links":{"self":[{"href":"https:\/\/lahora.mx\/index.php\/wp-json\/wp\/v2\/posts\/7111","targetHints":{"allow":["GET"]}}],"collection":[{"href":"https:\/\/lahora.mx\/index.php\/wp-json\/wp\/v2\/posts"}],"about":[{"href":"https:\/\/lahora.mx\/index.php\/wp-json\/wp\/v2\/types\/post"}],"author":[{"embeddable":true,"href":"https:\/\/lahora.mx\/index.php\/wp-json\/wp\/v2\/users\/4"}],"replies":[{"embeddable":true,"href":"https:\/\/lahora.mx\/index.php\/wp-json\/wp\/v2\/comments?post=7111"}],"version-history":[{"count":1,"href":"https:\/\/lahora.mx\/index.php\/wp-json\/wp\/v2\/posts\/7111\/revisions"}],"predecessor-version":[{"id":7114,"href":"https:\/\/lahora.mx\/index.php\/wp-json\/wp\/v2\/posts\/7111\/revisions\/7114"}],"wp:featuredmedia":[{"embeddable":true,"href":"https:\/\/lahora.mx\/index.php\/wp-json\/wp\/v2\/media\/7113"}],"wp:attachment":[{"href":"https:\/\/lahora.mx\/index.php\/wp-json\/wp\/v2\/media?parent=7111"}],"wp:term":[{"taxonomy":"category","embeddable":true,"href":"https:\/\/lahora.mx\/index.php\/wp-json\/wp\/v2\/categories?post=7111"},{"taxonomy":"post_tag","embeddable":true,"href":"https:\/\/lahora.mx\/index.php\/wp-json\/wp\/v2\/tags?post=7111"}],"curies":[{"name":"wp","href":"https:\/\/api.w.org\/{rel}","templated":true}]}}