{"id":7108,"date":"2022-05-19T00:37:02","date_gmt":"2022-05-19T00:37:02","guid":{"rendered":"http:\/\/lahora.mx\/?p=7108"},"modified":"2022-05-19T00:37:03","modified_gmt":"2022-05-19T00:37:03","slug":"en-la-comuna-hay-directores-con-bajo-rendimiento-rivera","status":"publish","type":"post","link":"https:\/\/lahora.mx\/index.php\/2022\/05\/19\/en-la-comuna-hay-directores-con-bajo-rendimiento-rivera\/","title":{"rendered":"En la Comuna hay directores con bajo rendimiento: Rivera"},"content":{"rendered":"\n<p>El presidente municipal de Puebla, Eduardo Rivera P\u00e9rez, se\u00f1al\u00f3 que todas las \u00e1reas y funcionarios del ayuntamiento est\u00e1n en<strong>&nbsp;constante evaluaci\u00f3n y&nbsp;<\/strong>hay directores y jefes de departamento que<strong>&nbsp;\u201cest\u00e1n en la mira\u201d debido a que no han cumplido con algunas responsabilidades.<\/strong><\/p>\n\n\n\n<p>En entrevista, se\u00f1al\u00f3 que por ahora est\u00e1 satisfecho con el trabajo que han realizado los secretarios en cada una de las dependencias pero evit\u00f3 dar detalles de qu\u00e9 directores han tenido un bajo desempe\u00f1o.<\/p>\n\n\n\n<p>\u00abEn relaci\u00f3n al equipo de la ciudad, est\u00e1n en evaluaci\u00f3n permanente todas y cada una de las \u00e1reas.&nbsp;<strong>Ah\u00ed le tengo mira a un par de directores&nbsp;<\/strong>que todav\u00eda no est\u00e1n dando el ancho en algunas de las responsabilidades que les he encomendado; no es el caso de secretarios\u00bb, declar\u00f3.<\/p>\n\n\n\n<p>Recalc\u00f3 que si alg\u00fan secretario, director o jefe de departamento se equivoca o no rinde los resultados que est\u00e1n esperando los ciudadanos y lo que les exige el gobierno de la ciudad, tendr\u00e1 que realizar el cambio correspondiente.<\/p>\n\n\n\n<p>Rivera P\u00e9rez explic\u00f3 que cada ocho d\u00edas mantiene una&nbsp;<strong>reuni\u00f3n de gabinete<\/strong>, donde le entregan un reporte de todas las peticiones de los ciudadanos y de las acciones que est\u00e1n realizando cada uno de los departamentos del ayuntamiento.<\/p>\n\n\n\n<p>\u201cSupervisamos desde los proyectos, c\u00f3mo est\u00e1n las inversiones, que se haga un buen trabajo, que la inversi\u00f3n y el recurso se apliquen de manera adecuada. Tambi\u00e9n reviso las solicitudes que recibo en twitter o medio de comunicaci\u00f3n; atraemos a esa petici\u00f3n y llevamos un control de las solicitudes. Llevamos m\u00e1s de 16 mil solicitudes. S\u00e9 a qu\u00e9 \u00e1reas est\u00e1n turnadas, a qu\u00e9 direcci\u00f3n y si le han dado respuesta a cada una. A ese nivel de detalle es la supervisi\u00f3n del trabajo\u201d, expres\u00f3.<\/p>\n\n\n\n<p>En abril, el alcalde panista realiz\u00f3 los primeros cambios de su administraci\u00f3n, pues design\u00f3 a Carolina Morales Garc\u00eda como nueva directora del DIF Municipal tras la salida de Francisco Ram\u00edrez Mart\u00ednez, mientras que Alejandra Cedillo May lleg\u00f3 a la Direcci\u00f3n de Emergencia y Respuesta Inmediata (DERI) de la Secretar\u00eda de Seguridad Ciudadana (SSC).<\/p>\n\n\n\n<p><strong>Recorren colonias para identificar problem\u00e1tica de seguridad<\/strong><\/p>\n\n\n\n<p>En otra informaci\u00f3n, el edil dio a conocer que a trav\u00e9s de la estrategia \u201cAgrupamiento Puebla\u201d integrada por la Guardia Nacional, Polic\u00eda Estatal, Ej\u00e9rcito Mexicano y la Polic\u00eda Municipal, recorren las colonias y unidades habitacionales con la intenci\u00f3n de conocer de manera directa la problem\u00e1tica de inseguridad y las principales demandas de servicios p\u00fablicos.<\/p>\n\n\n\n<p>El primer regidor se\u00f1al\u00f3 que a trav\u00e9s de las caminatas por la seguridad han tenido denuncias de il\u00edcitos de los que el gobierno de la ciudad est\u00e1 tomando nota y proceder\u00e1 a su investigaci\u00f3n.<\/p>\n\n\n\n<p>Coment\u00f3 que han detectado la falta de organizaci\u00f3n por parte de los vecinos, por eso, es que contin\u00faan en la organizaci\u00f3n de los comit\u00e9s vecinales a fin de que se reconstruya el tejido social y se fomente la prevenci\u00f3n del delito.<\/p>\n","protected":false},"excerpt":{"rendered":"<p>El presidente municipal de Puebla, Eduardo Rivera P\u00e9rez, se\u00f1al\u00f3 que todas las \u00e1reas y funcionarios del ayuntamiento est\u00e1n en&nbsp;constante evaluaci\u00f3n y&nbsp;hay directores y jefes de departamento que&nbsp;\u201cest\u00e1n en la mira\u201d debido a que no han cumplido con algunas responsabilidades. En entrevista, se\u00f1al\u00f3 que por ahora est\u00e1 satisfecho con el trabajo que han realizado los secretarios [&hellip;]<\/p>\n","protected":false},"author":4,"featured_media":7109,"comment_status":"open","ping_status":"open","sticky":false,"template":"","format":"standard","meta":{"om_disable_all_campaigns":false,"_monsterinsights_skip_tracking":false,"_monsterinsights_sitenote_active":false,"_monsterinsights_sitenote_note":"","_monsterinsights_sitenote_category":0,"footnotes":""},"categories":[175],"tags":[],"class_list":["post-7108","post","type-post","status-publish","format-standard","has-post-thumbnail","hentry","category-local"],"amp_enabled":true,"_links":{"self":[{"href":"https:\/\/lahora.mx\/index.php\/wp-json\/wp\/v2\/posts\/7108","targetHints":{"allow":["GET"]}}],"collection":[{"href":"https:\/\/lahora.mx\/index.php\/wp-json\/wp\/v2\/posts"}],"about":[{"href":"https:\/\/lahora.mx\/index.php\/wp-json\/wp\/v2\/types\/post"}],"author":[{"embeddable":true,"href":"https:\/\/lahora.mx\/index.php\/wp-json\/wp\/v2\/users\/4"}],"replies":[{"embeddable":true,"href":"https:\/\/lahora.mx\/index.php\/wp-json\/wp\/v2\/comments?post=7108"}],"version-history":[{"count":1,"href":"https:\/\/lahora.mx\/index.php\/wp-json\/wp\/v2\/posts\/7108\/revisions"}],"predecessor-version":[{"id":7110,"href":"https:\/\/lahora.mx\/index.php\/wp-json\/wp\/v2\/posts\/7108\/revisions\/7110"}],"wp:featuredmedia":[{"embeddable":true,"href":"https:\/\/lahora.mx\/index.php\/wp-json\/wp\/v2\/media\/7109"}],"wp:attachment":[{"href":"https:\/\/lahora.mx\/index.php\/wp-json\/wp\/v2\/media?parent=7108"}],"wp:term":[{"taxonomy":"category","embeddable":true,"href":"https:\/\/lahora.mx\/index.php\/wp-json\/wp\/v2\/categories?post=7108"},{"taxonomy":"post_tag","embeddable":true,"href":"https:\/\/lahora.mx\/index.php\/wp-json\/wp\/v2\/tags?post=7108"}],"curies":[{"name":"wp","href":"https:\/\/api.w.org\/{rel}","templated":true}]}}