{"id":71076,"date":"2025-11-10T21:25:28","date_gmt":"2025-11-10T21:25:28","guid":{"rendered":"https:\/\/lahora.mx\/?p=71076"},"modified":"2025-11-10T21:25:29","modified_gmt":"2025-11-10T21:25:29","slug":"arranca-omar-munoz-construccion-del-deportivo-chautenco-en-cuautlancingo","status":"publish","type":"post","link":"https:\/\/lahora.mx\/index.php\/2025\/11\/10\/arranca-omar-munoz-construccion-del-deportivo-chautenco-en-cuautlancingo\/","title":{"rendered":"Arranca Omar Mu\u00f1oz construcci\u00f3n del Deportivo Chautenco en Cuautlancingo"},"content":{"rendered":"\n<p>El alcalde de Cuatlancingo,\u00a0<strong>Omar Mu\u00f1oz<\/strong>, dio inicio a la obra de construcci\u00f3n del nuevo\u00a0<strong>Deportivo Chautenco<\/strong>\u00a0, ubicado en la junta auxiliar del mismo nombre para brindar espacios deportivos adecuados a los ciudadanos<\/p>\n\n\n\n<p>El proyecto contempla la intervenci\u00f3n de\u00a0<strong>4 mil 123 metros cuadrados<\/strong>, coin inversi\u00f3n de\u00a0<strong>8 millones 410 mil pesos<\/strong>\u00a0. En el lugar se edificar\u00e1n dos canchas de\u00a0<strong>f\u00fatbol 7<\/strong>\u00a0, un m\u00f3dulo de sanitarios y la instalaci\u00f3n de\u00a0<strong>alumbrado p\u00fablico<\/strong>\u00a0y una\u00a0<strong>cerca perimetral<\/strong>.<\/p>\n\n\n\n<p>El alcalde destac\u00f3 que su administraci\u00f3n mantiene una l\u00ednea clara de trabajo que abarca tanto el \u00e1mbito deportivo como otros sectores, buscando atender integralmente las necesidades de toda la demarcaci\u00f3n. <\/p>\n\n\n\n<p><strong>\u00abQueremos que Cuautlancingo ocupe el lugar que le corresponde dentro de la zona conurbada. Por eso estamos llevando acciones a todas las juntas auxiliares, sin dejar ning\u00fan rinc\u00f3n en el abandono. Dignificar nuestro municipio es un eje fundamental de gobierno\u00bb<\/strong><\/p>\n\n\n\n<p>En el arranque de obra, Omar Mu\u00f1oz estuvo acompa\u00f1ado por\u00a0<strong>Roberto Ruiz Esparza<\/strong>\u00a0, asesor consultivo de la Secretar\u00eda del Deporte y Juventud del Estado de Puebla y expres\u00f3 que este tipo de acciones contribuyen a mejorar las condiciones de vida en las juntas auxiliares e inspector\u00edas, aline\u00e1ndose con la visi\u00f3n del gobernador\u00a0<strong>Alejandro Armenta<\/strong>\u00a0.<\/p>\n\n\n\n<p><strong>\u201cEstamos rehabilitando estos espacios para fortalecer el tejido social y ofrecer a los j\u00f3venes una alternativa de desarrollo a trav\u00e9s del deporte, alej\u00e1ndolos de contextos de violencia y entornos adversos\u201d.<\/strong><\/p>\n\n\n\n<p>Finalmente,\u00a0<strong>Shirley del \u00c1ngel<\/strong>\u00a0, presidenta auxiliar de Chautenco, agradeci\u00f3 a Omar Mu\u00f1oz por las obras impulsadas en beneficio de la comunidad.<\/p>\n","protected":false},"excerpt":{"rendered":"<p>El alcalde de Cuatlancingo,\u00a0Omar Mu\u00f1oz, dio inicio a la obra de construcci\u00f3n del nuevo\u00a0Deportivo Chautenco\u00a0, ubicado en la junta auxiliar del mismo nombre para brindar espacios deportivos adecuados a los ciudadanos El proyecto contempla la intervenci\u00f3n de\u00a04 mil 123 metros cuadrados, coin inversi\u00f3n de\u00a08 millones 410 mil pesos\u00a0. En el lugar se edificar\u00e1n dos canchas [&hellip;]<\/p>\n","protected":false},"author":1,"featured_media":71077,"comment_status":"open","ping_status":"open","sticky":false,"template":"","format":"standard","meta":{"om_disable_all_campaigns":false,"_monsterinsights_skip_tracking":false,"_monsterinsights_sitenote_active":false,"_monsterinsights_sitenote_note":"","_monsterinsights_sitenote_category":0,"footnotes":""},"categories":[5],"tags":[270,239,271,223],"class_list":["post-71076","post","type-post","status-publish","format-standard","has-post-thumbnail","hentry","category-politica","tag-cuatlancingo","tag-gobierno","tag-obras","tag-puebla"],"amp_enabled":true,"_links":{"self":[{"href":"https:\/\/lahora.mx\/index.php\/wp-json\/wp\/v2\/posts\/71076","targetHints":{"allow":["GET"]}}],"collection":[{"href":"https:\/\/lahora.mx\/index.php\/wp-json\/wp\/v2\/posts"}],"about":[{"href":"https:\/\/lahora.mx\/index.php\/wp-json\/wp\/v2\/types\/post"}],"author":[{"embeddable":true,"href":"https:\/\/lahora.mx\/index.php\/wp-json\/wp\/v2\/users\/1"}],"replies":[{"embeddable":true,"href":"https:\/\/lahora.mx\/index.php\/wp-json\/wp\/v2\/comments?post=71076"}],"version-history":[{"count":1,"href":"https:\/\/lahora.mx\/index.php\/wp-json\/wp\/v2\/posts\/71076\/revisions"}],"predecessor-version":[{"id":71078,"href":"https:\/\/lahora.mx\/index.php\/wp-json\/wp\/v2\/posts\/71076\/revisions\/71078"}],"wp:featuredmedia":[{"embeddable":true,"href":"https:\/\/lahora.mx\/index.php\/wp-json\/wp\/v2\/media\/71077"}],"wp:attachment":[{"href":"https:\/\/lahora.mx\/index.php\/wp-json\/wp\/v2\/media?parent=71076"}],"wp:term":[{"taxonomy":"category","embeddable":true,"href":"https:\/\/lahora.mx\/index.php\/wp-json\/wp\/v2\/categories?post=71076"},{"taxonomy":"post_tag","embeddable":true,"href":"https:\/\/lahora.mx\/index.php\/wp-json\/wp\/v2\/tags?post=71076"}],"curies":[{"name":"wp","href":"https:\/\/api.w.org\/{rel}","templated":true}]}}