{"id":7105,"date":"2022-05-19T00:33:35","date_gmt":"2022-05-19T00:33:35","guid":{"rendered":"http:\/\/lahora.mx\/?p=7105"},"modified":"2022-05-19T00:33:36","modified_gmt":"2022-05-19T00:33:36","slug":"es-asesinada-de-un-disparo-en-amozoc","status":"publish","type":"post","link":"https:\/\/lahora.mx\/index.php\/2022\/05\/19\/es-asesinada-de-un-disparo-en-amozoc\/","title":{"rendered":"Es asesinada de un disparo en Amozoc"},"content":{"rendered":"\n<p>La tarde del pasado martes&nbsp;<strong>Marcela fue asesinada de un disparo en la cabeza<\/strong>&nbsp;tras una&nbsp;<strong>discusi\u00f3n con su esposo en su vivienda&nbsp;<\/strong>ubicada en la<strong>&nbsp;colonia San Diego Ecatepec&nbsp;<\/strong>perteneciente a la&nbsp;<strong>junta auxiliar de San Salvador Chachapa<\/strong>&nbsp;en el municipio de Amozoc.<\/p>\n\n\n\n<p>De acuerdo a los vecinos&nbsp;<strong>la pareja comenz\u00f3 una discusi\u00f3n<\/strong>&nbsp;cuando, de pronto,&nbsp;<strong>se escuch\u00f3 una detonaci\u00f3n de arma de fuego<\/strong>&nbsp;y posteriormente&nbsp;<strong>se vio al esposo de la f\u00e9mina huir del lugar.<\/strong><\/p>\n\n\n\n<p>Hasta el momento s\u00f3lo se sabe que&nbsp;<strong>Marcela ten\u00eda 24 a\u00f1os de edad y viv\u00edan en San Diego Ecatepec con su pareja sentimental,&nbsp;<\/strong>con la cual ten\u00eda muchas discusiones y&nbsp;<strong>hab\u00eda solicitado en meses anteriores ayuda al sistema DIF Amozoc&nbsp;<\/strong>sin haber tenido una respuesta.<\/p>\n\n\n\n<p>Estos hechos&nbsp;<strong>suceden en la misma junta auxiliar donde se cumplen 22 d\u00edas de la desaparici\u00f3n de Sandra Elizabeth<\/strong>, la cual qued\u00f3 grabada en video por las c\u00e1maras de vigilancia y de quien hasta el momento se des conoce su paradero.<\/p>\n\n\n\n<p><strong>Este ser\u00eda el feminicdio n\u00famero 30 en el estado de Puebla<\/strong>&nbsp;en lo que va del a\u00f1o, y el n\u00famero 3 desde que el edil Mario de la Rosa tom\u00f3 el mandato del municipio de Amozoc.<\/p>\n","protected":false},"excerpt":{"rendered":"<p>La tarde del pasado martes&nbsp;Marcela fue asesinada de un disparo en la cabeza&nbsp;tras una&nbsp;discusi\u00f3n con su esposo en su vivienda&nbsp;ubicada en la&nbsp;colonia San Diego Ecatepec&nbsp;perteneciente a la&nbsp;junta auxiliar de San Salvador Chachapa&nbsp;en el municipio de Amozoc. De acuerdo a los vecinos&nbsp;la pareja comenz\u00f3 una discusi\u00f3n&nbsp;cuando, de pronto,&nbsp;se escuch\u00f3 una detonaci\u00f3n de arma de fuego&nbsp;y posteriormente&nbsp;se [&hellip;]<\/p>\n","protected":false},"author":4,"featured_media":7106,"comment_status":"open","ping_status":"open","sticky":false,"template":"","format":"standard","meta":{"om_disable_all_campaigns":false,"_monsterinsights_skip_tracking":false,"_monsterinsights_sitenote_active":false,"_monsterinsights_sitenote_note":"","_monsterinsights_sitenote_category":0,"footnotes":""},"categories":[175],"tags":[195,223],"class_list":["post-7105","post","type-post","status-publish","format-standard","has-post-thumbnail","hentry","category-local","tag-principal","tag-puebla"],"amp_enabled":true,"_links":{"self":[{"href":"https:\/\/lahora.mx\/index.php\/wp-json\/wp\/v2\/posts\/7105","targetHints":{"allow":["GET"]}}],"collection":[{"href":"https:\/\/lahora.mx\/index.php\/wp-json\/wp\/v2\/posts"}],"about":[{"href":"https:\/\/lahora.mx\/index.php\/wp-json\/wp\/v2\/types\/post"}],"author":[{"embeddable":true,"href":"https:\/\/lahora.mx\/index.php\/wp-json\/wp\/v2\/users\/4"}],"replies":[{"embeddable":true,"href":"https:\/\/lahora.mx\/index.php\/wp-json\/wp\/v2\/comments?post=7105"}],"version-history":[{"count":1,"href":"https:\/\/lahora.mx\/index.php\/wp-json\/wp\/v2\/posts\/7105\/revisions"}],"predecessor-version":[{"id":7107,"href":"https:\/\/lahora.mx\/index.php\/wp-json\/wp\/v2\/posts\/7105\/revisions\/7107"}],"wp:featuredmedia":[{"embeddable":true,"href":"https:\/\/lahora.mx\/index.php\/wp-json\/wp\/v2\/media\/7106"}],"wp:attachment":[{"href":"https:\/\/lahora.mx\/index.php\/wp-json\/wp\/v2\/media?parent=7105"}],"wp:term":[{"taxonomy":"category","embeddable":true,"href":"https:\/\/lahora.mx\/index.php\/wp-json\/wp\/v2\/categories?post=7105"},{"taxonomy":"post_tag","embeddable":true,"href":"https:\/\/lahora.mx\/index.php\/wp-json\/wp\/v2\/tags?post=7105"}],"curies":[{"name":"wp","href":"https:\/\/api.w.org\/{rel}","templated":true}]}}