{"id":71015,"date":"2025-11-09T18:18:43","date_gmt":"2025-11-09T18:18:43","guid":{"rendered":"https:\/\/lahora.mx\/?p=71015"},"modified":"2025-11-09T18:18:44","modified_gmt":"2025-11-09T18:18:44","slug":"gobierno-amplia-conectividad-digital-2-mil-jovenes-en-xicotepec-reciben-becas-del-bienestar","status":"publish","type":"post","link":"https:\/\/lahora.mx\/index.php\/2025\/11\/09\/gobierno-amplia-conectividad-digital-2-mil-jovenes-en-xicotepec-reciben-becas-del-bienestar\/","title":{"rendered":"Gobierno ampl\u00eda conectividad digital; 2 mil j\u00f3venes en Xicotepec reciben becas del bienestar"},"content":{"rendered":"\n<p>El Gobierno del Estado de Puebla, encabezado por Alejandro Armenta, entreg\u00f3 2 mil 749 becas para j\u00f3venes de esta microrregi\u00f3n que estudian en 77 instituciones educativas, bachilleratos y universidades en la jornada Becas de Conectividad para el Bienestar. Con este programa, miles de estudiantes podr\u00e1n acceder a internet y continuar sus estudios con mejores herramientas.<\/p>\n\n\n\n<p>La secretaria de Bienestar, Laura Artemisa Garc\u00eda Ch\u00e1vez, destac\u00f3 que el programa ha otorgado 78 mil 900 becas en todo el estado, dirigidas a j\u00f3venes de 15 a 29 a\u00f1os. Las y los beneficiarios reciben una tarjeta SIM con 5 GB de navegaci\u00f3n mensual, redes sociales ilimitadas, mil 500 minutos para llamadas y acceso a una biblioteca digital con m\u00e1s de 4 mil t\u00edtulos, lo que fortalece la igualdad educativa y reduce la brecha digital en comunidades con rezago.<br><br>El presidente municipal de Xicotepec, Carlos Barrag\u00e1n Amador, reconoci\u00f3 el liderazgo del gobernador Alejandro Armenta y el trabajo coordinado con la presidenta Claudia Sheinbaum para impulsar programas que brindan esperanza y oportunidades a la juventud poblana. Subray\u00f3 que estas acciones representan una apuesta por la paz, el bienestar y el futuro de los estudiantes que hoy construyen un nuevo horizonte para Puebla y para M\u00e9xico.<\/p>\n\n\n\n<p>En Puebla el programa de Becas de Conectividad para el Bienestar, una estrategia que garantiza el acceso gratuito y estable a Internet para fortalecer la educaci\u00f3n y la econom\u00eda familiar. En comunidades donde antes la conexi\u00f3n era inestable, hoy las familias reconocen el impacto del programa. \u201cAqu\u00ed tenemos Internet, es de gran apoyo para mi hija porque antes fallaba mucho, y ahora puede estudiar mejor. Nos ayuda demasiado en la econom\u00eda familiar y motiva a los j\u00f3venes a seguir prepar\u00e1ndose\u201d, coment\u00f3 Angelita Josento, madre de una estudiante beneficiaria. Por su parte, Perla Dom\u00ednguez, estudiante poblana, destac\u00f3 que \u201cgracias a esta beca puedo realizar mis tareas y participar en clases en l\u00ednea sin preocuparme por la conexi\u00f3n. Es una oportunidad que nos impulsa a seguir estudiando y cumplir nuestros sue\u00f1os\u201d. Con estas acciones, los gobiernos federal y estatal reafirman su compromiso con la inclusi\u00f3n digital, la educaci\u00f3n y el bienestar de las familias poblanas.<\/p>\n","protected":false},"excerpt":{"rendered":"<p>El Gobierno del Estado de Puebla, encabezado por Alejandro Armenta, entreg\u00f3 2 mil 749 becas para j\u00f3venes de esta microrregi\u00f3n que estudian en 77 instituciones educativas, bachilleratos y universidades en la jornada Becas de Conectividad para el Bienestar. Con este programa, miles de estudiantes podr\u00e1n acceder a internet y continuar sus estudios con mejores herramientas. [&hellip;]<\/p>\n","protected":false},"author":1,"featured_media":71016,"comment_status":"open","ping_status":"open","sticky":false,"template":"","format":"standard","meta":{"om_disable_all_campaigns":false,"_monsterinsights_skip_tracking":false,"_monsterinsights_sitenote_active":false,"_monsterinsights_sitenote_note":"","_monsterinsights_sitenote_category":0,"footnotes":""},"categories":[175],"tags":[239,195,223],"class_list":["post-71015","post","type-post","status-publish","format-standard","has-post-thumbnail","hentry","category-local","tag-gobierno","tag-principal","tag-puebla"],"amp_enabled":true,"_links":{"self":[{"href":"https:\/\/lahora.mx\/index.php\/wp-json\/wp\/v2\/posts\/71015","targetHints":{"allow":["GET"]}}],"collection":[{"href":"https:\/\/lahora.mx\/index.php\/wp-json\/wp\/v2\/posts"}],"about":[{"href":"https:\/\/lahora.mx\/index.php\/wp-json\/wp\/v2\/types\/post"}],"author":[{"embeddable":true,"href":"https:\/\/lahora.mx\/index.php\/wp-json\/wp\/v2\/users\/1"}],"replies":[{"embeddable":true,"href":"https:\/\/lahora.mx\/index.php\/wp-json\/wp\/v2\/comments?post=71015"}],"version-history":[{"count":1,"href":"https:\/\/lahora.mx\/index.php\/wp-json\/wp\/v2\/posts\/71015\/revisions"}],"predecessor-version":[{"id":71017,"href":"https:\/\/lahora.mx\/index.php\/wp-json\/wp\/v2\/posts\/71015\/revisions\/71017"}],"wp:featuredmedia":[{"embeddable":true,"href":"https:\/\/lahora.mx\/index.php\/wp-json\/wp\/v2\/media\/71016"}],"wp:attachment":[{"href":"https:\/\/lahora.mx\/index.php\/wp-json\/wp\/v2\/media?parent=71015"}],"wp:term":[{"taxonomy":"category","embeddable":true,"href":"https:\/\/lahora.mx\/index.php\/wp-json\/wp\/v2\/categories?post=71015"},{"taxonomy":"post_tag","embeddable":true,"href":"https:\/\/lahora.mx\/index.php\/wp-json\/wp\/v2\/tags?post=71015"}],"curies":[{"name":"wp","href":"https:\/\/api.w.org\/{rel}","templated":true}]}}