{"id":70986,"date":"2025-11-07T23:10:48","date_gmt":"2025-11-07T23:10:48","guid":{"rendered":"https:\/\/lahora.mx\/?p=70986"},"modified":"2025-11-07T23:13:03","modified_gmt":"2025-11-07T23:13:03","slug":"rapida-accion-de-proteccion-civil-sofoca-conato-de-incendio-en-parquimetro-del-centro-de-tlaxcala","status":"publish","type":"post","link":"https:\/\/lahora.mx\/index.php\/2025\/11\/07\/rapida-accion-de-proteccion-civil-sofoca-conato-de-incendio-en-parquimetro-del-centro-de-tlaxcala\/","title":{"rendered":"R\u00e1pida acci\u00f3n de protecci\u00f3n civil sofoca conato de incendio en parqu\u00edmetro del centro de Tlaxcala"},"content":{"rendered":"\n<p>Gracias a la oportuna intervenci\u00f3n del personal de la Coordinaci\u00f3n Municipal de Protecci\u00f3n Civil, fue controlado un conato de incendio registrado en un parqu\u00edmetro ubicado entre las calles Primero de Mayo y Porfirio D\u00edaz, en el centro hist\u00f3rico de Tlaxcala.<\/p>\n\n\n\n<p>El reporte fue atendido de inmediato, evitando da\u00f1os mayores tanto al equipo como a la infraestructura urbana de la zona. Tras sofocar el fuego, el personal realiz\u00f3 la revisi\u00f3n del dispositivo para descartar riesgos y verificar su funcionamiento.<\/p>\n\n\n\n<p>La autoridad municipal hace un llamado a la ciudadan\u00eda a cuidar el mobiliario urbano y reportar cualquier acto de vandalismo o manipulaci\u00f3n indebida de los parqu\u00edmetros, comunic\u00e1ndose al n\u00famero de emergencias o directamente con Protecci\u00f3n Civil Municipal.<\/p>\n\n\n\n<p>Con estas acciones, el Ayuntamiento de Tlaxcala avanza en el fortalecimiento de la seguridad y el bienestar de la poblaci\u00f3n, al responder de manera inmediata ante cualquier eventualidad.<\/p>\n","protected":false},"excerpt":{"rendered":"<p>Gracias a la oportuna intervenci\u00f3n del personal de la Coordinaci\u00f3n Municipal de Protecci\u00f3n Civil, fue controlado un conato de incendio registrado en un parqu\u00edmetro ubicado entre las calles Primero de Mayo y Porfirio D\u00edaz, en el centro hist\u00f3rico de Tlaxcala. El reporte fue atendido de inmediato, evitando da\u00f1os mayores tanto al equipo como a la [&hellip;]<\/p>\n","protected":false},"author":1,"featured_media":70988,"comment_status":"open","ping_status":"open","sticky":false,"template":"","format":"standard","meta":{"om_disable_all_campaigns":false,"_monsterinsights_skip_tracking":false,"_monsterinsights_sitenote_active":false,"_monsterinsights_sitenote_note":"","_monsterinsights_sitenote_category":0,"footnotes":""},"categories":[175],"tags":[223,210],"class_list":["post-70986","post","type-post","status-publish","format-standard","has-post-thumbnail","hentry","category-local","tag-puebla","tag-tlaxcala"],"amp_enabled":true,"_links":{"self":[{"href":"https:\/\/lahora.mx\/index.php\/wp-json\/wp\/v2\/posts\/70986","targetHints":{"allow":["GET"]}}],"collection":[{"href":"https:\/\/lahora.mx\/index.php\/wp-json\/wp\/v2\/posts"}],"about":[{"href":"https:\/\/lahora.mx\/index.php\/wp-json\/wp\/v2\/types\/post"}],"author":[{"embeddable":true,"href":"https:\/\/lahora.mx\/index.php\/wp-json\/wp\/v2\/users\/1"}],"replies":[{"embeddable":true,"href":"https:\/\/lahora.mx\/index.php\/wp-json\/wp\/v2\/comments?post=70986"}],"version-history":[{"count":1,"href":"https:\/\/lahora.mx\/index.php\/wp-json\/wp\/v2\/posts\/70986\/revisions"}],"predecessor-version":[{"id":70989,"href":"https:\/\/lahora.mx\/index.php\/wp-json\/wp\/v2\/posts\/70986\/revisions\/70989"}],"wp:featuredmedia":[{"embeddable":true,"href":"https:\/\/lahora.mx\/index.php\/wp-json\/wp\/v2\/media\/70988"}],"wp:attachment":[{"href":"https:\/\/lahora.mx\/index.php\/wp-json\/wp\/v2\/media?parent=70986"}],"wp:term":[{"taxonomy":"category","embeddable":true,"href":"https:\/\/lahora.mx\/index.php\/wp-json\/wp\/v2\/categories?post=70986"},{"taxonomy":"post_tag","embeddable":true,"href":"https:\/\/lahora.mx\/index.php\/wp-json\/wp\/v2\/tags?post=70986"}],"curies":[{"name":"wp","href":"https:\/\/api.w.org\/{rel}","templated":true}]}}