{"id":70983,"date":"2025-11-07T19:39:27","date_gmt":"2025-11-07T19:39:27","guid":{"rendered":"https:\/\/lahora.mx\/?p=70983"},"modified":"2025-11-07T22:41:29","modified_gmt":"2025-11-07T22:41:29","slug":"detienen-a-el-carretas-lider-huachicolero-en-puebla","status":"publish","type":"post","link":"https:\/\/lahora.mx\/index.php\/2025\/11\/07\/detienen-a-el-carretas-lider-huachicolero-en-puebla\/","title":{"rendered":"Detienen a \u2018El Carretas\u2019, l\u00edder huachicolero en Puebla"},"content":{"rendered":"\n<p>Enrique N., alias \u201cEl Carretas\u201d, presunto l\u00edder huachicolero, fue detenido por elementos de la Fiscal\u00eda General del Estado (FGE) de Puebla y la Secretar\u00eda de Seguridad y Protecci\u00f3n Ciudadana (SSPC).<\/p>\n\n\n\n<p>Lo anterior, tras diversas investigaciones que lo se\u00f1alan como responsable de m\u00faltiples delitos cometidos en el estado.<\/p>\n\n\n\n<p>Considerado como objetivo prioritario, \u201cEl Carretas\u201d fue detenido luego de trabajos de inteligencia coordinados entre ambas dependencias.<\/p>\n\n\n\n<p>De acuerdo con informaci\u00f3n oficial, Enrique encabezaba un grupo delictivo dedicado al huachicoleo de gas LP en la zona lim\u00edtrofe entre Puebla y Tlaxcala.<\/p>\n\n\n\n<p>Adem\u00e1s, estar\u00eda vinculado con distintos hechos violentos, robos a transporte de carga en el tramo R\u00edo Fr\u00edo\u2013San Mart\u00edn Texmelucan, as\u00ed como con actividades de extorsi\u00f3n y cobro de piso.<\/p>\n\n\n\n<p>Historial criminal de \u201cEl Carretas\u201d<br>En julio pasado, \u201cEl Carretas\u201d fue relacionado con el hallazgo de una cabeza humana en San Mat\u00edas Tlalancaleca.<\/p>\n\n\n\n<p>De acuerdo con informaci\u00f3n publicada por el medio local El Sol de Puebla, junto a los restos se localiz\u00f3 una cartulina con un mensaje firmado por \u201cLos Pipilloles\u201d, en el que se mencionaba a \u201cEl Carretas\u201d, \u201cLa Guayaba\u201d y \u201cLa Marrana\u201d \u2014este \u00faltimo ya detenido\u2014 como presuntos aliados en el robo de hidrocarburo en la zona.<\/p>\n\n\n\n<p>En septiembre se le atribuy\u00f3 la ejecuci\u00f3n de dos hombres cuyos cuerpos fueron localizados en un paraje conocido como Zopilacalco, en la comunidad de San Lucas El Grande, municipio de San Salvador El Verde.<\/p>\n\n\n\n<p>En el sitio se hall\u00f3 una narcomanta con un mensaje amenazante firmado presuntamente por \u201cEl Carretas\u201d.<\/p>\n\n\n\n<p>Seg\u00fan los reportes, el detenido buscaba el control de la plaza de San Mat\u00edas Tlalancaleca y sus alrededores, incluyendo puntos lim\u00edtrofes con Tlaxcala.<\/p>\n\n\n\n<p>El caso m\u00e1s reciente relacionado con su nombre fue la balacera registrada durante una fiesta en San Luis Coyotzingo, donde cuatro personas perdieron la vida.<\/p>\n\n\n\n<p>De acuerdo con las investigaciones, los agresores habr\u00edan buscado a \u201cEl Carretas\u201d y a \u201cEl Dientes\u201d, pero al no encontrarlos abrieron fuego contra los asistentes, asesinando a Yaneli N., de 26 a\u00f1os; Juan Carlos N., de 39; Edwin N., de 28, y Aylin N., de 25 a\u00f1os.<\/p>\n","protected":false},"excerpt":{"rendered":"<p>Enrique N., alias \u201cEl Carretas\u201d, presunto l\u00edder huachicolero, fue detenido por elementos de la Fiscal\u00eda General del Estado (FGE) de Puebla y la Secretar\u00eda de Seguridad y Protecci\u00f3n Ciudadana (SSPC). Lo anterior, tras diversas investigaciones que lo se\u00f1alan como responsable de m\u00faltiples delitos cometidos en el estado. Considerado como objetivo prioritario, \u201cEl Carretas\u201d fue detenido [&hellip;]<\/p>\n","protected":false},"author":1,"featured_media":70984,"comment_status":"open","ping_status":"open","sticky":false,"template":"","format":"standard","meta":{"om_disable_all_campaigns":false,"_monsterinsights_skip_tracking":false,"_monsterinsights_sitenote_active":false,"_monsterinsights_sitenote_note":"","_monsterinsights_sitenote_category":0,"footnotes":""},"categories":[175,226],"tags":[195],"class_list":["post-70983","post","type-post","status-publish","format-standard","has-post-thumbnail","hentry","category-local","category-policia","tag-principal"],"amp_enabled":true,"_links":{"self":[{"href":"https:\/\/lahora.mx\/index.php\/wp-json\/wp\/v2\/posts\/70983","targetHints":{"allow":["GET"]}}],"collection":[{"href":"https:\/\/lahora.mx\/index.php\/wp-json\/wp\/v2\/posts"}],"about":[{"href":"https:\/\/lahora.mx\/index.php\/wp-json\/wp\/v2\/types\/post"}],"author":[{"embeddable":true,"href":"https:\/\/lahora.mx\/index.php\/wp-json\/wp\/v2\/users\/1"}],"replies":[{"embeddable":true,"href":"https:\/\/lahora.mx\/index.php\/wp-json\/wp\/v2\/comments?post=70983"}],"version-history":[{"count":1,"href":"https:\/\/lahora.mx\/index.php\/wp-json\/wp\/v2\/posts\/70983\/revisions"}],"predecessor-version":[{"id":70985,"href":"https:\/\/lahora.mx\/index.php\/wp-json\/wp\/v2\/posts\/70983\/revisions\/70985"}],"wp:featuredmedia":[{"embeddable":true,"href":"https:\/\/lahora.mx\/index.php\/wp-json\/wp\/v2\/media\/70984"}],"wp:attachment":[{"href":"https:\/\/lahora.mx\/index.php\/wp-json\/wp\/v2\/media?parent=70983"}],"wp:term":[{"taxonomy":"category","embeddable":true,"href":"https:\/\/lahora.mx\/index.php\/wp-json\/wp\/v2\/categories?post=70983"},{"taxonomy":"post_tag","embeddable":true,"href":"https:\/\/lahora.mx\/index.php\/wp-json\/wp\/v2\/tags?post=70983"}],"curies":[{"name":"wp","href":"https:\/\/api.w.org\/{rel}","templated":true}]}}