{"id":70977,"date":"2025-11-07T19:31:44","date_gmt":"2025-11-07T19:31:44","guid":{"rendered":"https:\/\/lahora.mx\/?p=70977"},"modified":"2025-11-07T22:43:45","modified_gmt":"2025-11-07T22:43:45","slug":"cae-presunto-sicario-de-la-barredora-tras-masacre-de-tres-policias-en-huixcolotla","status":"publish","type":"post","link":"https:\/\/lahora.mx\/index.php\/2025\/11\/07\/cae-presunto-sicario-de-la-barredora-tras-masacre-de-tres-policias-en-huixcolotla\/","title":{"rendered":"Cae presunto sicario de \u201cLa Barredora\u201d tras masacre de tres polic\u00edas en Huixcolotla"},"content":{"rendered":"\n<p>Este viernes, fuerzas de seguridad en el estado de Puebla, informaron la detenci\u00f3n de Alfonso N., un hombre de 26 a\u00f1os, presuntamente vinculado con la masacre de los tres polic\u00edas de San Salvador Huixcolotla, Yusami, Roberto y Arturo, ocurridos el pasado 2 de noviembre.<\/p>\n\n\n\n<p>El sujeto qued\u00f3 detenido en la localidad de Actipan de Morelos, Acatzingo, en posesi\u00f3n de un arma de fuego larga y envoltorios con posible droga, las cuales ten\u00edan etiquetas con alusi\u00f3n a un grupo delictivo. Adem\u00e1s le aseguraron dinero en efectivo, cartuchos \u00fatiles y un veh\u00edculo sin placas de circulaci\u00f3n.<\/p>\n\n\n\n<p>Durante esta acci\u00f3n, la Secretar\u00eda de Marina, Ej\u00e9rcito y Seguridad P\u00fablica del Estado, tambi\u00e9n detuvieron a una mujer que se identific\u00f3 como Brenda N., de 26 a\u00f1os, quien se encontraba acompa\u00f1ando a Alfonso N.<\/p>\n\n\n\n<p>La Secretar\u00eda de Seguridad P\u00fablica inform\u00f3 que dicha detenci\u00f3n fue exitosa, como resultado de diversas labores policiales, derivado a un operativo interinstitucional, en la que particip\u00f3 la Secretar\u00eda de Seguridad P\u00fablica (SSP), la Secretar\u00eda de Marina (SEMAR) y la Secretar\u00eda de la Defensa Nacional (DEFENSA).<\/p>\n\n\n\n<p>Finalmente informaron que ambas personas y los elementos de prueba asegurados, quedaron a disposici\u00f3n del Agente del Ministerio P\u00fablico del fuero com\u00fan.<\/p>\n\n\n\n<p>Cabe mencionar que la ma\u00f1ana de ayer jueves 6 de noviembre, las dos camionetas blancas presuntamente utilizadas por los sicarios de \u201cLa Barredora\u201d para acribillar a los polic\u00edas de Huixcolotla, las localizaron calcinadas y abandonadas en un camino de terracer\u00eda entre Palmar de Bravo y Quecholac.<\/p>\n","protected":false},"excerpt":{"rendered":"<p>Este viernes, fuerzas de seguridad en el estado de Puebla, informaron la detenci\u00f3n de Alfonso N., un hombre de 26 a\u00f1os, presuntamente vinculado con la masacre de los tres polic\u00edas de San Salvador Huixcolotla, Yusami, Roberto y Arturo, ocurridos el pasado 2 de noviembre. El sujeto qued\u00f3 detenido en la localidad de Actipan de Morelos, [&hellip;]<\/p>\n","protected":false},"author":1,"featured_media":70978,"comment_status":"open","ping_status":"open","sticky":false,"template":"","format":"standard","meta":{"om_disable_all_campaigns":false,"_monsterinsights_skip_tracking":false,"_monsterinsights_sitenote_active":false,"_monsterinsights_sitenote_note":"","_monsterinsights_sitenote_category":0,"footnotes":""},"categories":[226],"tags":[195],"class_list":["post-70977","post","type-post","status-publish","format-standard","has-post-thumbnail","hentry","category-policia","tag-principal"],"amp_enabled":true,"_links":{"self":[{"href":"https:\/\/lahora.mx\/index.php\/wp-json\/wp\/v2\/posts\/70977","targetHints":{"allow":["GET"]}}],"collection":[{"href":"https:\/\/lahora.mx\/index.php\/wp-json\/wp\/v2\/posts"}],"about":[{"href":"https:\/\/lahora.mx\/index.php\/wp-json\/wp\/v2\/types\/post"}],"author":[{"embeddable":true,"href":"https:\/\/lahora.mx\/index.php\/wp-json\/wp\/v2\/users\/1"}],"replies":[{"embeddable":true,"href":"https:\/\/lahora.mx\/index.php\/wp-json\/wp\/v2\/comments?post=70977"}],"version-history":[{"count":1,"href":"https:\/\/lahora.mx\/index.php\/wp-json\/wp\/v2\/posts\/70977\/revisions"}],"predecessor-version":[{"id":70979,"href":"https:\/\/lahora.mx\/index.php\/wp-json\/wp\/v2\/posts\/70977\/revisions\/70979"}],"wp:featuredmedia":[{"embeddable":true,"href":"https:\/\/lahora.mx\/index.php\/wp-json\/wp\/v2\/media\/70978"}],"wp:attachment":[{"href":"https:\/\/lahora.mx\/index.php\/wp-json\/wp\/v2\/media?parent=70977"}],"wp:term":[{"taxonomy":"category","embeddable":true,"href":"https:\/\/lahora.mx\/index.php\/wp-json\/wp\/v2\/categories?post=70977"},{"taxonomy":"post_tag","embeddable":true,"href":"https:\/\/lahora.mx\/index.php\/wp-json\/wp\/v2\/tags?post=70977"}],"curies":[{"name":"wp","href":"https:\/\/api.w.org\/{rel}","templated":true}]}}