{"id":70974,"date":"2025-11-07T19:22:04","date_gmt":"2025-11-07T19:22:04","guid":{"rendered":"https:\/\/lahora.mx\/?p=70974"},"modified":"2025-11-07T19:22:05","modified_gmt":"2025-11-07T19:22:05","slug":"desde-el-congreso-del-estado-impulsan-la-feria-patronal-de-zapotitlan-2025","status":"publish","type":"post","link":"https:\/\/lahora.mx\/index.php\/2025\/11\/07\/desde-el-congreso-del-estado-impulsan-la-feria-patronal-de-zapotitlan-2025\/","title":{"rendered":"Desde el Congreso del Estado impulsan la Feria Patronal de Zapotitl\u00e1n 2025"},"content":{"rendered":"\n<p>En la sede del Poder Legislativo, el presidente de la Junta de Gobierno y Coordinaci\u00f3n Pol\u00edtica del Congreso del Estado, Pavel Gaspar Ram\u00edrez, acompa\u00f1\u00f3 a la diputada Leonela Jazm\u00edn Mart\u00ednez Ayala para presentar la Feria de Zapotitl\u00e1n 2025.<\/p>\n\n\n\n<p>En su intervenci\u00f3n, la diputada Leonela Jazm\u00edn Mart\u00ednez invit\u00f3 a la poblaci\u00f3n a acudir a la Feria de Zapotitl\u00e1n 2025, que se llevar\u00e1 a cabo del 14 al 17 de noviembre, donde las y los visitantes podr\u00e1n disfrutar de actividades art\u00edsticas, deportivas y culturales.<\/p>\n\n\n\n<p>Asimismo, la legisladora hizo una invitaci\u00f3n para visitar el centro de artesan\u00edas, que cuenta con piezas \u00fanicas de barro bru\u00f1ido y de \u00f3nix, as\u00ed como disfrutar de la cocina tradicional basada en insectos, flora y fauna de la regi\u00f3n.<\/p>\n\n\n\n<p>Al hacer uso de la palabra, el diputado Pavel Gaspar Ram\u00edrez destac\u00f3 que este tipo de eventos son importantes, no solo para el disfrute de las familias, sino tambi\u00e9n para fortalecer la econom\u00eda local y promocionar los lugares tur\u00edsticos emblem\u00e1ticos de la regi\u00f3n, como la Reserva de la Biosfera Tehuac\u00e1n-Cuicatl\u00e1n.<\/p>\n\n\n\n<p>Por su parte, el presidente municipal de Zapotitl\u00e1n, Leonardo Noel Arizmendi Mart\u00ednez, se\u00f1al\u00f3 que las festividades contemplan el tradicional recorrido de calendas, la experiencia sensorial del mezcal, presentaci\u00f3n de bandas, grupos musicales y artistas de renombre, as\u00ed como el jaripeo de presidentes municipales, entre otras actividades, que ser\u00e1n gratuitos para toda la poblaci\u00f3n.<\/p>\n","protected":false},"excerpt":{"rendered":"<p>En la sede del Poder Legislativo, el presidente de la Junta de Gobierno y Coordinaci\u00f3n Pol\u00edtica del Congreso del Estado, Pavel Gaspar Ram\u00edrez, acompa\u00f1\u00f3 a la diputada Leonela Jazm\u00edn Mart\u00ednez Ayala para presentar la Feria de Zapotitl\u00e1n 2025. En su intervenci\u00f3n, la diputada Leonela Jazm\u00edn Mart\u00ednez invit\u00f3 a la poblaci\u00f3n a acudir a la Feria [&hellip;]<\/p>\n","protected":false},"author":1,"featured_media":70975,"comment_status":"open","ping_status":"open","sticky":false,"template":"","format":"standard","meta":{"om_disable_all_campaigns":false,"_monsterinsights_skip_tracking":false,"_monsterinsights_sitenote_active":false,"_monsterinsights_sitenote_note":"","_monsterinsights_sitenote_category":0,"footnotes":""},"categories":[175],"tags":[227,223],"class_list":["post-70974","post","type-post","status-publish","format-standard","has-post-thumbnail","hentry","category-local","tag-congreso","tag-puebla"],"amp_enabled":true,"_links":{"self":[{"href":"https:\/\/lahora.mx\/index.php\/wp-json\/wp\/v2\/posts\/70974","targetHints":{"allow":["GET"]}}],"collection":[{"href":"https:\/\/lahora.mx\/index.php\/wp-json\/wp\/v2\/posts"}],"about":[{"href":"https:\/\/lahora.mx\/index.php\/wp-json\/wp\/v2\/types\/post"}],"author":[{"embeddable":true,"href":"https:\/\/lahora.mx\/index.php\/wp-json\/wp\/v2\/users\/1"}],"replies":[{"embeddable":true,"href":"https:\/\/lahora.mx\/index.php\/wp-json\/wp\/v2\/comments?post=70974"}],"version-history":[{"count":1,"href":"https:\/\/lahora.mx\/index.php\/wp-json\/wp\/v2\/posts\/70974\/revisions"}],"predecessor-version":[{"id":70976,"href":"https:\/\/lahora.mx\/index.php\/wp-json\/wp\/v2\/posts\/70974\/revisions\/70976"}],"wp:featuredmedia":[{"embeddable":true,"href":"https:\/\/lahora.mx\/index.php\/wp-json\/wp\/v2\/media\/70975"}],"wp:attachment":[{"href":"https:\/\/lahora.mx\/index.php\/wp-json\/wp\/v2\/media?parent=70974"}],"wp:term":[{"taxonomy":"category","embeddable":true,"href":"https:\/\/lahora.mx\/index.php\/wp-json\/wp\/v2\/categories?post=70974"},{"taxonomy":"post_tag","embeddable":true,"href":"https:\/\/lahora.mx\/index.php\/wp-json\/wp\/v2\/tags?post=70974"}],"curies":[{"name":"wp","href":"https:\/\/api.w.org\/{rel}","templated":true}]}}