{"id":70968,"date":"2025-11-07T15:21:19","date_gmt":"2025-11-07T15:21:19","guid":{"rendered":"https:\/\/lahora.mx\/?p=70968"},"modified":"2025-11-07T15:21:20","modified_gmt":"2025-11-07T15:21:20","slug":"balacera-en-la-federal-mexico-puebla-deja-un-muerto-y-tres-lesionados","status":"publish","type":"post","link":"https:\/\/lahora.mx\/index.php\/2025\/11\/07\/balacera-en-la-federal-mexico-puebla-deja-un-muerto-y-tres-lesionados\/","title":{"rendered":"Balacera en la federal M\u00e9xico-Puebla deja un muerto y tres lesionados"},"content":{"rendered":"\n<p>Un enfrentamiento armado registrado este jueves sobre la Carretera Federal M\u00e9xico-Puebla, a la altura de la localidad de San Jer\u00f3nimo Tianguismanalco, en el municipio de San Mart\u00edn Texmelucan, dej\u00f3 como saldo una persona fallecida y tres m\u00e1s lesionadas.<\/p>\n\n\n\n<p>El incidente, cuyas causas y participantes a\u00fan no han sido detallados por las autoridades, gener\u00f3 una intensa movilizaci\u00f3n de los cuerpos de emergencia y seguridad.<\/p>\n\n\n\n<p>Tras el reporte de la balacera, param\u00e9dicos arribaron al lugar y confirmaron el deceso de una persona en el sitio.<\/p>\n\n\n\n<p>De inmediato, brindaron atenci\u00f3n prehospitalaria a los tres individuos heridos, quienes fueron estabilizados y trasladados de urgencia al Hospital Integral m\u00e1s cercano para recibir atenci\u00f3n m\u00e9dica especializada.<\/p>\n\n\n\n<p>Elementos de diversas corporaciones policiales acordonaron y resguardaron la zona del tiroteo para permitir la intervenci\u00f3n de la Fiscal\u00eda General del Estado (FGE).<\/p>\n\n\n\n<p>Se espera que inicie las diligencias correspondientes, incluyendo el levantamiento del cuerpo y la recolecci\u00f3n de indicios bal\u00edsticos, para esclarecer los hechos y determinar la identidad de las v\u00edctimas y los agresores.<\/p>\n\n\n\n<p>El suceso caus\u00f3 afectaciones moment\u00e1neas a la circulaci\u00f3n vehicular en esta importante v\u00eda federal.<\/p>\n","protected":false},"excerpt":{"rendered":"<p>Un enfrentamiento armado registrado este jueves sobre la Carretera Federal M\u00e9xico-Puebla, a la altura de la localidad de San Jer\u00f3nimo Tianguismanalco, en el municipio de San Mart\u00edn Texmelucan, dej\u00f3 como saldo una persona fallecida y tres m\u00e1s lesionadas. El incidente, cuyas causas y participantes a\u00fan no han sido detallados por las autoridades, gener\u00f3 una intensa [&hellip;]<\/p>\n","protected":false},"author":1,"featured_media":70969,"comment_status":"open","ping_status":"open","sticky":false,"template":"","format":"standard","meta":{"om_disable_all_campaigns":false,"_monsterinsights_skip_tracking":false,"_monsterinsights_sitenote_active":false,"_monsterinsights_sitenote_note":"","_monsterinsights_sitenote_category":0,"footnotes":""},"categories":[175,226],"tags":[],"class_list":["post-70968","post","type-post","status-publish","format-standard","has-post-thumbnail","hentry","category-local","category-policia"],"amp_enabled":true,"_links":{"self":[{"href":"https:\/\/lahora.mx\/index.php\/wp-json\/wp\/v2\/posts\/70968","targetHints":{"allow":["GET"]}}],"collection":[{"href":"https:\/\/lahora.mx\/index.php\/wp-json\/wp\/v2\/posts"}],"about":[{"href":"https:\/\/lahora.mx\/index.php\/wp-json\/wp\/v2\/types\/post"}],"author":[{"embeddable":true,"href":"https:\/\/lahora.mx\/index.php\/wp-json\/wp\/v2\/users\/1"}],"replies":[{"embeddable":true,"href":"https:\/\/lahora.mx\/index.php\/wp-json\/wp\/v2\/comments?post=70968"}],"version-history":[{"count":1,"href":"https:\/\/lahora.mx\/index.php\/wp-json\/wp\/v2\/posts\/70968\/revisions"}],"predecessor-version":[{"id":70970,"href":"https:\/\/lahora.mx\/index.php\/wp-json\/wp\/v2\/posts\/70968\/revisions\/70970"}],"wp:featuredmedia":[{"embeddable":true,"href":"https:\/\/lahora.mx\/index.php\/wp-json\/wp\/v2\/media\/70969"}],"wp:attachment":[{"href":"https:\/\/lahora.mx\/index.php\/wp-json\/wp\/v2\/media?parent=70968"}],"wp:term":[{"taxonomy":"category","embeddable":true,"href":"https:\/\/lahora.mx\/index.php\/wp-json\/wp\/v2\/categories?post=70968"},{"taxonomy":"post_tag","embeddable":true,"href":"https:\/\/lahora.mx\/index.php\/wp-json\/wp\/v2\/tags?post=70968"}],"curies":[{"name":"wp","href":"https:\/\/api.w.org\/{rel}","templated":true}]}}