{"id":70949,"date":"2025-11-07T15:08:24","date_gmt":"2025-11-07T15:08:24","guid":{"rendered":"https:\/\/lahora.mx\/?p=70949"},"modified":"2025-11-07T15:08:24","modified_gmt":"2025-11-07T15:08:24","slug":"volcadura-de-unidad-sobre-la-autopista-puebla-orizaba-provoca-largas-filas-de-carros","status":"publish","type":"post","link":"https:\/\/lahora.mx\/index.php\/2025\/11\/07\/volcadura-de-unidad-sobre-la-autopista-puebla-orizaba-provoca-largas-filas-de-carros\/","title":{"rendered":"Volcadura de unidad sobre la autopista Puebla-Orizaba provoca largas filas de carros"},"content":{"rendered":"\n<p class=\"wp-block-paragraph\">La volcadura de una unidad pesada cargada de guayabas sobre la autopista Puebla-Orizaba mantiene tr\u00e1fico intenso de casi 2 kil\u00f3metros durante la ma\u00f1ana de este viernes.<\/p>\n\n\n\n<p class=\"wp-block-paragraph\">El accidente se registr\u00f3 alrededor de las 05:30 a la altura del kil\u00f3metro 148 con sentido a Veracruz, metros antes de la desviaci\u00f3n a Tepeaca, luego de que una unidad cargada de guayabas choc\u00f3 contra una camioneta particular quien al parecer se le meti\u00f3 a la camioneta con guayabas mientras circulaba.<\/p>\n\n\n\n<p class=\"wp-block-paragraph\">El accidente gener\u00f3 que la unidad cargada de guayabas volcara y quedar\u00e1 tendida sobre la carpeta asf\u00e1ltica dejando todo el producto completamente tirado sobre la carretera.<\/p>\n\n\n\n<p class=\"wp-block-paragraph\">El accidente ha generado largas filas de carros que incluso llegan hasta la caseta de Amozoc, adem\u00e1s de que un kil\u00f3metro antes de este accidente se produjo un segundo accidente entre dos tr\u00e1ileres, luego de que uno choc\u00f3 en la parte trasera de otro.<\/p>\n\n\n\n<p class=\"wp-block-paragraph\">Se recomienda buscar v\u00edas alternas debido a que se desconoce la hora en que culminen las labores de limpieza y retiro de unidades de la autopista.<\/p>\n","protected":false},"excerpt":{"rendered":"<p>La volcadura de una unidad pesada cargada de guayabas sobre la autopista Puebla-Orizaba mantiene tr\u00e1fico intenso de casi 2 kil\u00f3metros durante la ma\u00f1ana de este viernes. El accidente se registr\u00f3 alrededor de las 05:30 a la altura del kil\u00f3metro 148 con sentido a Veracruz, metros antes de la desviaci\u00f3n a Tepeaca, luego de que una [&hellip;]<\/p>\n","protected":false},"author":1,"featured_media":70950,"comment_status":"open","ping_status":"open","sticky":false,"template":"","format":"standard","meta":{"om_disable_all_campaigns":false,"_monsterinsights_skip_tracking":false,"footnotes":""},"categories":[226],"tags":[],"class_list":["post-70949","post","type-post","status-publish","format-standard","has-post-thumbnail","hentry","category-policia"],"amp_enabled":true,"_links":{"self":[{"href":"https:\/\/lahora.mx\/index.php\/wp-json\/wp\/v2\/posts\/70949","targetHints":{"allow":["GET"]}}],"collection":[{"href":"https:\/\/lahora.mx\/index.php\/wp-json\/wp\/v2\/posts"}],"about":[{"href":"https:\/\/lahora.mx\/index.php\/wp-json\/wp\/v2\/types\/post"}],"author":[{"embeddable":true,"href":"https:\/\/lahora.mx\/index.php\/wp-json\/wp\/v2\/users\/1"}],"replies":[{"embeddable":true,"href":"https:\/\/lahora.mx\/index.php\/wp-json\/wp\/v2\/comments?post=70949"}],"version-history":[{"count":1,"href":"https:\/\/lahora.mx\/index.php\/wp-json\/wp\/v2\/posts\/70949\/revisions"}],"predecessor-version":[{"id":70951,"href":"https:\/\/lahora.mx\/index.php\/wp-json\/wp\/v2\/posts\/70949\/revisions\/70951"}],"wp:featuredmedia":[{"embeddable":true,"href":"https:\/\/lahora.mx\/index.php\/wp-json\/wp\/v2\/media\/70950"}],"wp:attachment":[{"href":"https:\/\/lahora.mx\/index.php\/wp-json\/wp\/v2\/media?parent=70949"}],"wp:term":[{"taxonomy":"category","embeddable":true,"href":"https:\/\/lahora.mx\/index.php\/wp-json\/wp\/v2\/categories?post=70949"},{"taxonomy":"post_tag","embeddable":true,"href":"https:\/\/lahora.mx\/index.php\/wp-json\/wp\/v2\/tags?post=70949"}],"curies":[{"name":"wp","href":"https:\/\/api.w.org\/{rel}","templated":true}]}}