{"id":70946,"date":"2025-11-07T15:06:53","date_gmt":"2025-11-07T15:06:53","guid":{"rendered":"https:\/\/lahora.mx\/?p=70946"},"modified":"2025-11-07T15:06:54","modified_gmt":"2025-11-07T15:06:54","slug":"clima-cambiante-para-puebla-este-viernes-preve-lluvias-y-temperaturas-calidas","status":"publish","type":"post","link":"https:\/\/lahora.mx\/index.php\/2025\/11\/07\/clima-cambiante-para-puebla-este-viernes-preve-lluvias-y-temperaturas-calidas\/","title":{"rendered":"Clima cambiante para Puebla: este viernes prev\u00e9 lluvias y temperaturas c\u00e1lidas"},"content":{"rendered":"\n<p>El estado de Puebla experimentar\u00e1 un viernes 7 de noviembre con temperaturas notablemente c\u00e1lidas, especialmente en la regi\u00f3n de la Mixteca, mientras que la mayor parte del estado se mantendr\u00e1 con cielo despejado y sin pron\u00f3stico de precipitaciones.<\/p>\n\n\n\n<p>De acuerdo con el \u00faltimo reporte meteorol\u00f3gico, las condiciones dominantes ser\u00e1n de ambiente seco y c\u00e1lido, sin amenaza de actividad cicl\u00f3nica en los pr\u00f3ximos d\u00edas.<\/p>\n\n\n\n<p>Las m\u00e1ximas para este d\u00eda se concentrar\u00e1n en el sur del estado, aunque el ambiente se percibir\u00e1 c\u00e1lido en las principales zonas urbanas.<\/p>\n\n\n\n<p>En la Mixteca se espera la m\u00e1xima extrema del estado, alcanzando los 30 grados cent\u00edgrados; en las Sierras Norte, Nororiental y Negra, las temperaturas ser\u00e1n c\u00e1lidas, oscilando entre 26 a 27 grados cent\u00edgrados.<\/p>\n\n\n\n<p>As\u00ed como en el Valle Serd\u00e1n, Valle de Atlixco y Angel\u00f3polis, se pronostican m\u00e1ximas entre 22 a 25 grados cent\u00edgrados, donde se manteniendo un ambiente agradable durante el d\u00eda.<\/p>\n\n\n\n<p>La probabilidad de lluvia es m\u00ednima y se restringe a las zonas m\u00e1s elevadas con posibles descargas el\u00e9ctricas y acumulados de 2 a 5 mm \u00fanicamente en las regiones de la Sierra Negra y Valle Serd\u00e1n.<\/p>\n\n\n\n<p>El resto del estado se mantendr\u00e1 sin precipitaciones, aunque se estiman vientos provenientes del noreste con velocidades de 10 a 20 kil\u00f3metros por hora y rachas que podr\u00edan alcanzar los 30 kil\u00f3metros por hora en la mayor parte del territorio poblano.<\/p>\n\n\n\n<p>En cuanto a la actividad cicl\u00f3nica, los reportes oficiales indican un periodo de tranquilidad, manteniendo la vigilancia preventiva:<\/p>\n\n\n\n<ul class=\"wp-block-list\">\n<li>Oc\u00e9ano Pac\u00edfico y Atl\u00e1ntico: No se espera ninguna actividad cicl\u00f3nica tropical en las pr\u00f3ximas 48 horas en ninguno de los dos oc\u00e9anos.<\/li>\n\n\n\n<li>Balance Anual: Hasta la fecha, el Oc\u00e9ano Pac\u00edfico ha registrado 18 ciclones tropicales nombrados (cifra cercana a los 20 pronosticados), mientras que el Oc\u00e9ano Atl\u00e1ntico ha reportado 13 ciclones nombrados (de los 17 pronosticados oficialmente).<\/li>\n<\/ul>\n","protected":false},"excerpt":{"rendered":"<p>El estado de Puebla experimentar\u00e1 un viernes 7 de noviembre con temperaturas notablemente c\u00e1lidas, especialmente en la regi\u00f3n de la Mixteca, mientras que la mayor parte del estado se mantendr\u00e1 con cielo despejado y sin pron\u00f3stico de precipitaciones. De acuerdo con el \u00faltimo reporte meteorol\u00f3gico, las condiciones dominantes ser\u00e1n de ambiente seco y c\u00e1lido, sin [&hellip;]<\/p>\n","protected":false},"author":1,"featured_media":70947,"comment_status":"open","ping_status":"open","sticky":false,"template":"","format":"standard","meta":{"om_disable_all_campaigns":false,"_monsterinsights_skip_tracking":false,"_monsterinsights_sitenote_active":false,"_monsterinsights_sitenote_note":"","_monsterinsights_sitenote_category":0,"footnotes":""},"categories":[175],"tags":[195,223],"class_list":["post-70946","post","type-post","status-publish","format-standard","has-post-thumbnail","hentry","category-local","tag-principal","tag-puebla"],"amp_enabled":true,"_links":{"self":[{"href":"https:\/\/lahora.mx\/index.php\/wp-json\/wp\/v2\/posts\/70946","targetHints":{"allow":["GET"]}}],"collection":[{"href":"https:\/\/lahora.mx\/index.php\/wp-json\/wp\/v2\/posts"}],"about":[{"href":"https:\/\/lahora.mx\/index.php\/wp-json\/wp\/v2\/types\/post"}],"author":[{"embeddable":true,"href":"https:\/\/lahora.mx\/index.php\/wp-json\/wp\/v2\/users\/1"}],"replies":[{"embeddable":true,"href":"https:\/\/lahora.mx\/index.php\/wp-json\/wp\/v2\/comments?post=70946"}],"version-history":[{"count":1,"href":"https:\/\/lahora.mx\/index.php\/wp-json\/wp\/v2\/posts\/70946\/revisions"}],"predecessor-version":[{"id":70948,"href":"https:\/\/lahora.mx\/index.php\/wp-json\/wp\/v2\/posts\/70946\/revisions\/70948"}],"wp:featuredmedia":[{"embeddable":true,"href":"https:\/\/lahora.mx\/index.php\/wp-json\/wp\/v2\/media\/70947"}],"wp:attachment":[{"href":"https:\/\/lahora.mx\/index.php\/wp-json\/wp\/v2\/media?parent=70946"}],"wp:term":[{"taxonomy":"category","embeddable":true,"href":"https:\/\/lahora.mx\/index.php\/wp-json\/wp\/v2\/categories?post=70946"},{"taxonomy":"post_tag","embeddable":true,"href":"https:\/\/lahora.mx\/index.php\/wp-json\/wp\/v2\/tags?post=70946"}],"curies":[{"name":"wp","href":"https:\/\/api.w.org\/{rel}","templated":true}]}}