{"id":70937,"date":"2025-11-07T01:48:05","date_gmt":"2025-11-07T01:48:05","guid":{"rendered":"https:\/\/lahora.mx\/?p=70937"},"modified":"2025-11-07T02:23:25","modified_gmt":"2025-11-07T02:23:25","slug":"banxico-no-suelta-la-tijera-baja-tasa-de-interes-a-7-25","status":"publish","type":"post","link":"https:\/\/lahora.mx\/index.php\/2025\/11\/07\/banxico-no-suelta-la-tijera-baja-tasa-de-interes-a-7-25\/","title":{"rendered":"Banxico &#8216;no suelta la tijera&#8217;; baja tasa de inter\u00e9s a 7.25%"},"content":{"rendered":"\n<p>El Banco de M\u00e9xico (Banxico) ha mantenido los recortes en su pol\u00edtica monetaria y este 6 de noviembre determin\u00f3 un nuevo descenso en su tasa de inter\u00e9s interbancaria de 25 puntos base, como ya hab\u00eda anticipado el mercado, para dejarla en 7.25 por ciento.<\/p>\n\n\n\n<p>Play Video<\/p>\n\n\n\n<p>\u00abLa Junta de Gobierno juzg\u00f3 apropiado continuar con el ciclo de disminuciones de la tasa de referencia. Ello en congruencia con la valoraci\u00f3n del actual panorama inflacionario. En particular, consider\u00f3 el comportamiento del tipo de cambio, la debilidad que ha mostrado la actividad econ\u00f3mica y los posibles impactos ante cambios en pol\u00edticas comerciales a nivel global\u00bb, indic\u00f3 el organismo en un comunicado en el que anunci\u00f3 su decisi\u00f3n.<\/p>\n\n\n\n<p>Este es el recorte n\u00famero 12 que aplica el Banco de M\u00e9xico desde que inici\u00f3 un ciclo de flexibilizaci\u00f3n a inicios del 2024, en medio de una desaceleraci\u00f3n de la inflaci\u00f3n y un d\u00e9bil desempe\u00f1o de la econom\u00eda.<\/p>\n\n\n\n<p>El Banxico anticip\u00f3 que hacia adelante tomar\u00e1 en cuenta los efectos de todos los determinantes de la inflaci\u00f3n y que \u00ablas acciones que se implementen ser\u00e1n tales que la tasa de referencia sea congruente, en todo momento, con la trayectoria requerida para propiciar la convergencia ordenada y sostenida de la inflaci\u00f3n general a la meta de 3% en el plazo previsto\u00bb.<\/p>\n\n\n\n<p>La autoridad monetaria mantuvo su pron\u00f3stico de que ese meta se alcance en el tercer trimestre del 2026. Respecto a la inflaci\u00f3n general para este a\u00f1o, redujo el pron\u00f3stico a 3.5% desde 3.6% en la decisi\u00f3n anterior pero subi\u00f3 el de la subyacente a un 4.1% desde el 4% previo.<\/p>\n\n\n\n<p>El recorte de 25 puntos base fue aprobado por mayor\u00eda de la Junta de Gobierno con los votos de Victoria Rodr\u00edguez Ceja, Galia Borja G\u00f3mez, Jos\u00e9 Gabriel Cuadra Garc\u00eda y Omar Mej\u00eda Castelazo. En tanto, Jonathan Heath vot\u00f3 a favor de mantener el objetivo para la tasa de inter\u00e9s interbancaria a un d\u00eda en un nivel de 7.50%.<\/p>\n","protected":false},"excerpt":{"rendered":"<p>El Banco de M\u00e9xico (Banxico) ha mantenido los recortes en su pol\u00edtica monetaria y este 6 de noviembre determin\u00f3 un nuevo descenso en su tasa de inter\u00e9s interbancaria de 25 puntos base, como ya hab\u00eda anticipado el mercado, para dejarla en 7.25 por ciento. Play Video \u00abLa Junta de Gobierno juzg\u00f3 apropiado continuar con el [&hellip;]<\/p>\n","protected":false},"author":1,"featured_media":70938,"comment_status":"open","ping_status":"open","sticky":false,"template":"","format":"standard","meta":{"om_disable_all_campaigns":false,"_monsterinsights_skip_tracking":false,"_monsterinsights_sitenote_active":false,"_monsterinsights_sitenote_note":"","_monsterinsights_sitenote_category":0,"footnotes":""},"categories":[176,2],"tags":[29],"class_list":["post-70937","post","type-post","status-publish","format-standard","has-post-thumbnail","hentry","category-nacional","category-negocios","tag-business"],"amp_enabled":true,"_links":{"self":[{"href":"https:\/\/lahora.mx\/index.php\/wp-json\/wp\/v2\/posts\/70937","targetHints":{"allow":["GET"]}}],"collection":[{"href":"https:\/\/lahora.mx\/index.php\/wp-json\/wp\/v2\/posts"}],"about":[{"href":"https:\/\/lahora.mx\/index.php\/wp-json\/wp\/v2\/types\/post"}],"author":[{"embeddable":true,"href":"https:\/\/lahora.mx\/index.php\/wp-json\/wp\/v2\/users\/1"}],"replies":[{"embeddable":true,"href":"https:\/\/lahora.mx\/index.php\/wp-json\/wp\/v2\/comments?post=70937"}],"version-history":[{"count":1,"href":"https:\/\/lahora.mx\/index.php\/wp-json\/wp\/v2\/posts\/70937\/revisions"}],"predecessor-version":[{"id":70939,"href":"https:\/\/lahora.mx\/index.php\/wp-json\/wp\/v2\/posts\/70937\/revisions\/70939"}],"wp:featuredmedia":[{"embeddable":true,"href":"https:\/\/lahora.mx\/index.php\/wp-json\/wp\/v2\/media\/70938"}],"wp:attachment":[{"href":"https:\/\/lahora.mx\/index.php\/wp-json\/wp\/v2\/media?parent=70937"}],"wp:term":[{"taxonomy":"category","embeddable":true,"href":"https:\/\/lahora.mx\/index.php\/wp-json\/wp\/v2\/categories?post=70937"},{"taxonomy":"post_tag","embeddable":true,"href":"https:\/\/lahora.mx\/index.php\/wp-json\/wp\/v2\/tags?post=70937"}],"curies":[{"name":"wp","href":"https:\/\/api.w.org\/{rel}","templated":true}]}}