{"id":70931,"date":"2025-11-07T01:21:25","date_gmt":"2025-11-07T01:21:25","guid":{"rendered":"https:\/\/lahora.mx\/?p=70931"},"modified":"2025-11-07T01:21:26","modified_gmt":"2025-11-07T01:21:26","slug":"confirma-armenta-incremento-en-el-presupuesto-federal-para-puebla-de-4-1-para-2026","status":"publish","type":"post","link":"https:\/\/lahora.mx\/index.php\/2025\/11\/07\/confirma-armenta-incremento-en-el-presupuesto-federal-para-puebla-de-4-1-para-2026\/","title":{"rendered":"Confirma Armenta incremento en el Presupuesto Federal para Puebla de 4.1% para 2026"},"content":{"rendered":"\n<p>El gobernador Alejandro Armenta Mier confirm\u00f3 que Puebla obtuvo un incremento de 4.1 por ciento en recursos respecto al a\u00f1o en curso, tras la aprobaci\u00f3n del Paquete Econ\u00f3mico 2026; indic\u00f3 adem\u00e1s que actualmente est\u00e1 enfocado en el cierre del ejercicio 2025 de cara a su primer informe de labores, adem\u00e1s de la preparaci\u00f3n del presupuesto para 2026.<\/p>\n\n\n\n<p>El mandatario destac\u00f3 que los modelos de obra implementados en el estado, a trav\u00e9s de la maquinaria que se ha adquirido, generan activos que permiten ejecutar m\u00e1s proyectos, fortaleciendo as\u00ed la infraestructura y el desarrollo en las distintas regiones. Asimismo, adelant\u00f3 que en los pr\u00f3ximos d\u00edas dar\u00e1 a conocer los montos destinados a educaci\u00f3n y salud.<\/p>\n\n\n\n<p>\u201cVamos a presentar en breve, ya con la informaci\u00f3n, el monto de inversi\u00f3n que hay para educaci\u00f3n, para salud y para todas las \u00e1reas\u201d, indic\u00f3.<\/p>\n\n\n\n<p>El gobernador Alejandro Armenta subray\u00f3 que este incremento presupuestal garantiza la continuidad de obras estrat\u00e9gicas y el impulso de proyectos que beneficien directamente a la ciudadan\u00eda, reafirmando el compromiso de su administraci\u00f3n con el crecimiento y bienestar del estado.<\/p>\n\n\n\n<p>Tambi\u00e9n inform\u00f3 que durante los pr\u00f3ximos d\u00edas estar\u00e1 concentrado en el an\u00e1lisis del Paquete Econ\u00f3mico 2026, as\u00ed como en la planeaci\u00f3n de su Primer Informe de Gobierno.<\/p>\n\n\n\n<p>Por ello, solicit\u00f3 a sus funcionarios enfocar sus actividades en la coordinaci\u00f3n y organizaci\u00f3n de los eventos relacionados, a fin de garantizar una adecuada presentaci\u00f3n del presupuesto y un informe completo ante la ciudadan\u00eda.<\/p>\n\n\n\n<p>Finalmente, se\u00f1al\u00f3 que estas acciones buscan optimizar la planeaci\u00f3n gubernamental y asegurar la transparencia en el manejo de los recursos estatales, as\u00ed como difundir de manera clara los avances de su administraci\u00f3n.<\/p>\n","protected":false},"excerpt":{"rendered":"<p>El gobernador Alejandro Armenta Mier confirm\u00f3 que Puebla obtuvo un incremento de 4.1 por ciento en recursos respecto al a\u00f1o en curso, tras la aprobaci\u00f3n del Paquete Econ\u00f3mico 2026; indic\u00f3 adem\u00e1s que actualmente est\u00e1 enfocado en el cierre del ejercicio 2025 de cara a su primer informe de labores, adem\u00e1s de la preparaci\u00f3n del presupuesto [&hellip;]<\/p>\n","protected":false},"author":1,"featured_media":70932,"comment_status":"open","ping_status":"open","sticky":false,"template":"","format":"standard","meta":{"om_disable_all_campaigns":false,"_monsterinsights_skip_tracking":false,"_monsterinsights_sitenote_active":false,"_monsterinsights_sitenote_note":"","_monsterinsights_sitenote_category":0,"footnotes":""},"categories":[175],"tags":[239,223],"class_list":["post-70931","post","type-post","status-publish","format-standard","has-post-thumbnail","hentry","category-local","tag-gobierno","tag-puebla"],"amp_enabled":true,"_links":{"self":[{"href":"https:\/\/lahora.mx\/index.php\/wp-json\/wp\/v2\/posts\/70931","targetHints":{"allow":["GET"]}}],"collection":[{"href":"https:\/\/lahora.mx\/index.php\/wp-json\/wp\/v2\/posts"}],"about":[{"href":"https:\/\/lahora.mx\/index.php\/wp-json\/wp\/v2\/types\/post"}],"author":[{"embeddable":true,"href":"https:\/\/lahora.mx\/index.php\/wp-json\/wp\/v2\/users\/1"}],"replies":[{"embeddable":true,"href":"https:\/\/lahora.mx\/index.php\/wp-json\/wp\/v2\/comments?post=70931"}],"version-history":[{"count":1,"href":"https:\/\/lahora.mx\/index.php\/wp-json\/wp\/v2\/posts\/70931\/revisions"}],"predecessor-version":[{"id":70933,"href":"https:\/\/lahora.mx\/index.php\/wp-json\/wp\/v2\/posts\/70931\/revisions\/70933"}],"wp:featuredmedia":[{"embeddable":true,"href":"https:\/\/lahora.mx\/index.php\/wp-json\/wp\/v2\/media\/70932"}],"wp:attachment":[{"href":"https:\/\/lahora.mx\/index.php\/wp-json\/wp\/v2\/media?parent=70931"}],"wp:term":[{"taxonomy":"category","embeddable":true,"href":"https:\/\/lahora.mx\/index.php\/wp-json\/wp\/v2\/categories?post=70931"},{"taxonomy":"post_tag","embeddable":true,"href":"https:\/\/lahora.mx\/index.php\/wp-json\/wp\/v2\/tags?post=70931"}],"curies":[{"name":"wp","href":"https:\/\/api.w.org\/{rel}","templated":true}]}}