{"id":70914,"date":"2025-11-06T17:36:56","date_gmt":"2025-11-06T17:36:56","guid":{"rendered":"https:\/\/lahora.mx\/?p=70914"},"modified":"2025-11-06T17:36:57","modified_gmt":"2025-11-06T17:36:57","slug":"un-menor-de-17-anos-el-asesino-material-de-carlos-manzo-confirma-la-fiscalia","status":"publish","type":"post","link":"https:\/\/lahora.mx\/index.php\/2025\/11\/06\/un-menor-de-17-anos-el-asesino-material-de-carlos-manzo-confirma-la-fiscalia\/","title":{"rendered":"Un menor de 17 a\u00f1os el asesino material de Carlos Manzo confirma la Fiscal\u00eda"},"content":{"rendered":"\n<p>El&nbsp;<strong>fiscal de Michoac\u00e1n, Carlos Torres<\/strong>, inform\u00f3 a trav\u00e9s de un comunicado oficial que fue&nbsp;<strong>identificado el autor material del asesinato del alcalde de Uruapan<\/strong>,&nbsp;<a href=\"https:\/\/www.eluniversal.com.mx\/tag\/carlos-manzo\/\"><strong>Carlos Manzo<\/strong><\/a>.<\/p>\n\n\n\n<p>De acuerdo con la&nbsp;<strong>Fiscal\u00eda de Michoac\u00e1n<\/strong>&nbsp;y la&nbsp;<strong>Secretar\u00eda de Seguridad P\u00fablica del Estado<\/strong>, el pasado&nbsp;<strong>mi\u00e9rcoles 5 de noviembre<\/strong>&nbsp;fue identificado y reclamado el cuerpo de&nbsp;<strong>V\u00edctor Manuel Ubaldo Vidales<\/strong>, de&nbsp;<strong>17 a\u00f1os de edad<\/strong>, originario y vecino del municipio de&nbsp;<strong>Paracho, Michoac\u00e1n<\/strong>.<\/p>\n\n\n\n<p>La familia del joven se\u00f1al\u00f3 que&nbsp;<strong>se ausent\u00f3 una semana antes del crimen<\/strong>. Los&nbsp;<strong>dict\u00e1menes periciales<\/strong>&nbsp;confirmaron su&nbsp;<strong>autor\u00eda material<\/strong>, luego de que la&nbsp;<strong>prueba de rodizonato de sodio<\/strong>&nbsp;arrojara&nbsp;<strong>resultado positivo<\/strong>, adem\u00e1s de que se comprob\u00f3 su&nbsp;<strong>adicci\u00f3n a la metanfetamina<\/strong>, informaci\u00f3n ratificada por sus familiares.<\/p>\n\n\n\n<p>Tras las diligencias correspondientes, el cuerpo fue&nbsp;<strong>entregado a su familia<\/strong>&nbsp;para su inhumaci\u00f3n.<\/p>\n\n\n\n<p>El fiscal&nbsp;<strong>Carlos Torres<\/strong>&nbsp;destac\u00f3 que los&nbsp;<strong>avances en la investigaci\u00f3n e inteligencia<\/strong>&nbsp;revelan la participaci\u00f3n de&nbsp;<strong>m\u00e1s de dos personas<\/strong>&nbsp;y que el homicidio est\u00e1&nbsp;<strong>relacionado con grupos de la delincuencia organizada<\/strong>.<\/p>\n\n\n\n<p>Asimismo, se\u00f1al\u00f3 que esta identificaci\u00f3n permite&nbsp;<strong>continuar con las investigaciones&nbsp;<\/strong>sobre el asesinato del alcalde de Uruapan, Carlos Manzo Rodr\u00edguez, ocurrido el pasado<strong>&nbsp;s\u00e1bado 1 de noviembre.<\/strong>&nbsp;En ese hecho fue abatido tambi\u00e9n V\u00edctor Manuel Ubaldo.<\/p>\n","protected":false},"excerpt":{"rendered":"<p>El&nbsp;fiscal de Michoac\u00e1n, Carlos Torres, inform\u00f3 a trav\u00e9s de un comunicado oficial que fue&nbsp;identificado el autor material del asesinato del alcalde de Uruapan,&nbsp;Carlos Manzo. De acuerdo con la&nbsp;Fiscal\u00eda de Michoac\u00e1n&nbsp;y la&nbsp;Secretar\u00eda de Seguridad P\u00fablica del Estado, el pasado&nbsp;mi\u00e9rcoles 5 de noviembre&nbsp;fue identificado y reclamado el cuerpo de&nbsp;V\u00edctor Manuel Ubaldo Vidales, de&nbsp;17 a\u00f1os de edad, originario [&hellip;]<\/p>\n","protected":false},"author":1,"featured_media":70915,"comment_status":"open","ping_status":"open","sticky":false,"template":"","format":"standard","meta":{"om_disable_all_campaigns":false,"_monsterinsights_skip_tracking":false,"_monsterinsights_sitenote_active":false,"_monsterinsights_sitenote_note":"","_monsterinsights_sitenote_category":0,"footnotes":""},"categories":[176],"tags":[],"class_list":["post-70914","post","type-post","status-publish","format-standard","has-post-thumbnail","hentry","category-nacional"],"amp_enabled":true,"_links":{"self":[{"href":"https:\/\/lahora.mx\/index.php\/wp-json\/wp\/v2\/posts\/70914","targetHints":{"allow":["GET"]}}],"collection":[{"href":"https:\/\/lahora.mx\/index.php\/wp-json\/wp\/v2\/posts"}],"about":[{"href":"https:\/\/lahora.mx\/index.php\/wp-json\/wp\/v2\/types\/post"}],"author":[{"embeddable":true,"href":"https:\/\/lahora.mx\/index.php\/wp-json\/wp\/v2\/users\/1"}],"replies":[{"embeddable":true,"href":"https:\/\/lahora.mx\/index.php\/wp-json\/wp\/v2\/comments?post=70914"}],"version-history":[{"count":1,"href":"https:\/\/lahora.mx\/index.php\/wp-json\/wp\/v2\/posts\/70914\/revisions"}],"predecessor-version":[{"id":70916,"href":"https:\/\/lahora.mx\/index.php\/wp-json\/wp\/v2\/posts\/70914\/revisions\/70916"}],"wp:featuredmedia":[{"embeddable":true,"href":"https:\/\/lahora.mx\/index.php\/wp-json\/wp\/v2\/media\/70915"}],"wp:attachment":[{"href":"https:\/\/lahora.mx\/index.php\/wp-json\/wp\/v2\/media?parent=70914"}],"wp:term":[{"taxonomy":"category","embeddable":true,"href":"https:\/\/lahora.mx\/index.php\/wp-json\/wp\/v2\/categories?post=70914"},{"taxonomy":"post_tag","embeddable":true,"href":"https:\/\/lahora.mx\/index.php\/wp-json\/wp\/v2\/tags?post=70914"}],"curies":[{"name":"wp","href":"https:\/\/api.w.org\/{rel}","templated":true}]}}