{"id":70865,"date":"2025-11-05T22:39:07","date_gmt":"2025-11-05T22:39:07","guid":{"rendered":"https:\/\/lahora.mx\/?p=70865"},"modified":"2025-11-05T22:39:08","modified_gmt":"2025-11-05T22:39:08","slug":"el-nuevo-puente-de-la-panga-salvara-y-transformara-vidas-armenta","status":"publish","type":"post","link":"https:\/\/lahora.mx\/index.php\/2025\/11\/05\/el-nuevo-puente-de-la-panga-salvara-y-transformara-vidas-armenta\/","title":{"rendered":"El nuevo puente de La Panga salvar\u00e1 y transformar\u00e1 vidas: Armenta"},"content":{"rendered":"\n<p>\u201cLa construcci\u00f3n de La Panga es una obra de justicia social que inici\u00f3 su gesti\u00f3n hace 70 a\u00f1os y comunica a pueblos ind\u00edgenas, 70 a\u00f1os de menosprecio, de exclusi\u00f3n\u201d, afirm\u00f3 el gobernador Alejandro Armenta ante medios de comunicaci\u00f3n nacionales.<\/p>\n\n\n\n<p>Ante medios de comunicaci\u00f3n nacionales, el mandatario explic\u00f3 que es una obra emblem\u00e1tica que salda una deuda hist\u00f3rica con comunidades ind\u00edgenas de San Baltazar Tetela y Los \u00c1ngeles Tetela, separadas durante m\u00e1s de siete d\u00e9cadas por el lago de Valsequillo. Este proyecto representa un s\u00edmbolo de uni\u00f3n, justicia social y reconciliaci\u00f3n con el territorio, alineado con la visi\u00f3n humanista y de bienestar de la presidenta Claudia Sheinbaum.<\/p>\n\n\n\n<p>El puente, con una longitud de 480 metros, reducir\u00e1 el cruce del lago de 50 minutos a tan solo un minuto y medio, beneficiando directamente a 1.7 millones de personas. La obra mejorar\u00e1 la movilidad entre siete municipios, impulsar\u00e1 el comercio local, facilitar\u00e1 el acceso a servicios de salud y educaci\u00f3n, y fortalecer\u00e1 la integraci\u00f3n productiva de las regiones de Puebla capital y la Mixteca. \u201cEste puente salvar\u00e1 vidas y unir\u00e1 familias; es una muestra de c\u00f3mo pensamos los gobiernos humanistas\u201d, expres\u00f3 el mandatario.<\/p>\n\n\n\n<p>El gobernador Alejandro Armenta detall\u00f3 que la construcci\u00f3n del puente forma parte del rescate integral del lago de Valsequillo y de la cuenca del r\u00edo Atoyac. Con el apoyo de la Conagua y las universidades p\u00fablicas, se desarrolla el proyecto \u201cFertipue\u201d para aprovechar el lirio acu\u00e1tico como materia prima en la producci\u00f3n de adoquines y composta, lo que permitir\u00e1 pavimentar calles en juntas auxiliares y al mismo tiempo sanear el ecosistema. \u201cDonde antes se ve\u00eda un problema, hoy encontramos una soluci\u00f3n sustentable\u201d, afirm\u00f3.<\/p>\n\n\n\n<p>Por su parte, el secretario de Infraestructura, Jos\u00e9 Manuel Contreras de los Santos, explic\u00f3 que el puente \u201cLa Panga\u201d utiliza tecnolog\u00eda de vanguardia y se construye con los m\u00e1s altos est\u00e1ndares de ingenier\u00eda hidrol\u00f3gica. Contar\u00e1 con 28 columnas de hasta 50 metros de profundidad, iluminaci\u00f3n, accesos seguros y una ciclov\u00eda.<\/p>\n\n\n\n<p>El funcionario estatal detall\u00f3 que esta obra utiliza tecnolog\u00eda de punta y se construye con los m\u00e1s altos est\u00e1ndares de ingenier\u00eda hidrol\u00f3gica. Detall\u00f3 que el puente contar\u00e1 con 28 columnas, alumbrado, accesos seguros y una ciclov\u00eda para fortalecer la movilidad sustentable.<\/p>\n\n\n\n<p>Con estas acciones, el Gobierno de Puebla reafirma su compromiso con la paz social, la equidad territorial y el desarrollo sustentable. El puente \u201cLa Panga\u201d no s\u00f3lo conectar\u00e1 caminos, sino tambi\u00e9n historias y esperanzas de las comunidades que hoy ven en esta obra el reflejo de un gobierno cercano, solidario y con visi\u00f3n de futuro.<\/p>\n","protected":false},"excerpt":{"rendered":"<p>\u201cLa construcci\u00f3n de La Panga es una obra de justicia social que inici\u00f3 su gesti\u00f3n hace 70 a\u00f1os y comunica a pueblos ind\u00edgenas, 70 a\u00f1os de menosprecio, de exclusi\u00f3n\u201d, afirm\u00f3 el gobernador Alejandro Armenta ante medios de comunicaci\u00f3n nacionales. Ante medios de comunicaci\u00f3n nacionales, el mandatario explic\u00f3 que es una obra emblem\u00e1tica que salda una [&hellip;]<\/p>\n","protected":false},"author":1,"featured_media":70866,"comment_status":"open","ping_status":"open","sticky":false,"template":"","format":"standard","meta":{"om_disable_all_campaigns":false,"_monsterinsights_skip_tracking":false,"_monsterinsights_sitenote_active":false,"_monsterinsights_sitenote_note":"","_monsterinsights_sitenote_category":0,"footnotes":""},"categories":[175],"tags":[239,223],"class_list":["post-70865","post","type-post","status-publish","format-standard","has-post-thumbnail","hentry","category-local","tag-gobierno","tag-puebla"],"amp_enabled":true,"_links":{"self":[{"href":"https:\/\/lahora.mx\/index.php\/wp-json\/wp\/v2\/posts\/70865","targetHints":{"allow":["GET"]}}],"collection":[{"href":"https:\/\/lahora.mx\/index.php\/wp-json\/wp\/v2\/posts"}],"about":[{"href":"https:\/\/lahora.mx\/index.php\/wp-json\/wp\/v2\/types\/post"}],"author":[{"embeddable":true,"href":"https:\/\/lahora.mx\/index.php\/wp-json\/wp\/v2\/users\/1"}],"replies":[{"embeddable":true,"href":"https:\/\/lahora.mx\/index.php\/wp-json\/wp\/v2\/comments?post=70865"}],"version-history":[{"count":1,"href":"https:\/\/lahora.mx\/index.php\/wp-json\/wp\/v2\/posts\/70865\/revisions"}],"predecessor-version":[{"id":70867,"href":"https:\/\/lahora.mx\/index.php\/wp-json\/wp\/v2\/posts\/70865\/revisions\/70867"}],"wp:featuredmedia":[{"embeddable":true,"href":"https:\/\/lahora.mx\/index.php\/wp-json\/wp\/v2\/media\/70866"}],"wp:attachment":[{"href":"https:\/\/lahora.mx\/index.php\/wp-json\/wp\/v2\/media?parent=70865"}],"wp:term":[{"taxonomy":"category","embeddable":true,"href":"https:\/\/lahora.mx\/index.php\/wp-json\/wp\/v2\/categories?post=70865"},{"taxonomy":"post_tag","embeddable":true,"href":"https:\/\/lahora.mx\/index.php\/wp-json\/wp\/v2\/tags?post=70865"}],"curies":[{"name":"wp","href":"https:\/\/api.w.org\/{rel}","templated":true}]}}