{"id":70846,"date":"2025-11-05T16:25:53","date_gmt":"2025-11-05T16:25:53","guid":{"rendered":"https:\/\/lahora.mx\/?p=70846"},"modified":"2025-11-05T16:27:17","modified_gmt":"2025-11-05T16:27:17","slug":"se-activa-alerta-amber-en-puebla-por-la-desaparicion-de-javier-de-17-anos","status":"publish","type":"post","link":"https:\/\/lahora.mx\/index.php\/2025\/11\/05\/se-activa-alerta-amber-en-puebla-por-la-desaparicion-de-javier-de-17-anos\/","title":{"rendered":"Se activa Alerta Amber en Puebla por la desaparici\u00f3n de Javier de 17 a\u00f1os"},"content":{"rendered":"\n<p>La Fiscal\u00eda General del Estado de Puebla activ\u00f3 una Alerta Amber para localizar a Javier de Jes\u00fas R\u00edos Garc\u00eda, adolescente de 17 a\u00f1os que fue visto por \u00faltima vez el 31 de octubre de 2025 en la colonia San Isidro Castillotla, en la capital poblana. Desde entonces se desconoce su paradero, por lo que se teme por su integridad, toda vez que podr\u00eda ser v\u00edctima de la comisi\u00f3n de alg\u00fan delito.<\/p>\n\n\n\n<p>Javier de Jes\u00fas naci\u00f3 el 15 de abril de 2008, es de nacionalidad mexicana, tiene una estatura de 1.72 metros, cabello corto y ondulado color casta\u00f1o oscuro y ojos color caf\u00e9 oscuro. Como se\u00f1as particulares, cuenta con un tatuaje con el n\u00famero \u201c444\u201d en el brazo izquierdo y otro con la fecha \u201c19 06 2009\u201d en el lado derecho del abdomen bajo.<\/p>\n\n\n\n<p>El d\u00eda de su desaparici\u00f3n vest\u00eda sudadera negra con silueta de oso en la espalda, playera negra, pants azul marino con franjas naranja y blanco en la parte inferior, adem\u00e1s de tenis blancos con franjas verdes.<\/p>\n\n\n\n<p>Las autoridades solicitan la colaboraci\u00f3n de la ciudadan\u00eda para aportar cualquier informaci\u00f3n que ayude a dar con su paradero. Para ello, pueden comunicarse a la Fiscal\u00eda Especializada en Investigaci\u00f3n de los Delitos de Desaparici\u00f3n Forzada de Personas y Desaparici\u00f3n Cometida por Particulares a los n\u00fameros (222) 214 6405 o 237 7237.<\/p>\n\n\n\n<p><\/p>\n","protected":false},"excerpt":{"rendered":"<p>La Fiscal\u00eda General del Estado de Puebla activ\u00f3 una Alerta Amber para localizar a Javier de Jes\u00fas R\u00edos Garc\u00eda, adolescente de 17 a\u00f1os que fue visto por \u00faltima vez el 31 de octubre de 2025 en la colonia San Isidro Castillotla, en la capital poblana. Desde entonces se desconoce su paradero, por lo que se [&hellip;]<\/p>\n","protected":false},"author":1,"featured_media":70847,"comment_status":"open","ping_status":"open","sticky":false,"template":"","format":"standard","meta":{"om_disable_all_campaigns":false,"_monsterinsights_skip_tracking":false,"_monsterinsights_sitenote_active":false,"_monsterinsights_sitenote_note":"","_monsterinsights_sitenote_category":0,"footnotes":""},"categories":[176],"tags":[],"class_list":["post-70846","post","type-post","status-publish","format-standard","has-post-thumbnail","hentry","category-nacional"],"amp_enabled":true,"_links":{"self":[{"href":"https:\/\/lahora.mx\/index.php\/wp-json\/wp\/v2\/posts\/70846","targetHints":{"allow":["GET"]}}],"collection":[{"href":"https:\/\/lahora.mx\/index.php\/wp-json\/wp\/v2\/posts"}],"about":[{"href":"https:\/\/lahora.mx\/index.php\/wp-json\/wp\/v2\/types\/post"}],"author":[{"embeddable":true,"href":"https:\/\/lahora.mx\/index.php\/wp-json\/wp\/v2\/users\/1"}],"replies":[{"embeddable":true,"href":"https:\/\/lahora.mx\/index.php\/wp-json\/wp\/v2\/comments?post=70846"}],"version-history":[{"count":1,"href":"https:\/\/lahora.mx\/index.php\/wp-json\/wp\/v2\/posts\/70846\/revisions"}],"predecessor-version":[{"id":70848,"href":"https:\/\/lahora.mx\/index.php\/wp-json\/wp\/v2\/posts\/70846\/revisions\/70848"}],"wp:featuredmedia":[{"embeddable":true,"href":"https:\/\/lahora.mx\/index.php\/wp-json\/wp\/v2\/media\/70847"}],"wp:attachment":[{"href":"https:\/\/lahora.mx\/index.php\/wp-json\/wp\/v2\/media?parent=70846"}],"wp:term":[{"taxonomy":"category","embeddable":true,"href":"https:\/\/lahora.mx\/index.php\/wp-json\/wp\/v2\/categories?post=70846"},{"taxonomy":"post_tag","embeddable":true,"href":"https:\/\/lahora.mx\/index.php\/wp-json\/wp\/v2\/tags?post=70846"}],"curies":[{"name":"wp","href":"https:\/\/api.w.org\/{rel}","templated":true}]}}