{"id":70843,"date":"2025-11-05T16:23:30","date_gmt":"2025-11-05T16:23:30","guid":{"rendered":"https:\/\/lahora.mx\/?p=70843"},"modified":"2025-11-05T16:23:31","modified_gmt":"2025-11-05T16:23:31","slug":"eu-lanza-nuevo-ataque-en-el-pacifico-mueren-dos","status":"publish","type":"post","link":"https:\/\/lahora.mx\/index.php\/2025\/11\/05\/eu-lanza-nuevo-ataque-en-el-pacifico-mueren-dos\/","title":{"rendered":"EU lanza nuevo ataque en el Pac\u00edfico; mueren dos"},"content":{"rendered":"\n<p>Por orden del presidente Donald Trump, el Departamento de Guerra de Estados Unidos realiz\u00f3 un nuevo operativo en el Oc\u00e9ano Pac\u00edfico, que dej\u00f3 como saldo dos personas muertas, seg\u00fan inform\u00f3 el secretario de Guerra, Pete Hegseth.<\/p>\n\n\n\n<p>A trav\u00e9s de su cuenta en la red social X, Hegseth explic\u00f3 que la acci\u00f3n consisti\u00f3 en un ataque cin\u00e9tico letal dirigido contra un buque operado por una organizaci\u00f3n terrorista reconocida oficialmente por el gobierno estadounidense. Subray\u00f3 adem\u00e1s que la operaci\u00f3n se efectu\u00f3 en aguas internacionales y que no hubo bajas ni heridos entre las fuerzas estadounidenses.<\/p>\n\n\n\n<p>El funcionario asegur\u00f3 que la embarcaci\u00f3n destruida estaba vinculada con el tr\u00e1fico de drogas, una pr\u00e1ctica que \u2014dijo\u2014 representa una amenaza directa para la poblaci\u00f3n de Estados Unidos. \u201cContinuaremos eliminando todos los barcos que intenten envenenar a nuestros ciudadanos con narc\u00f3ticos\u201d, declar\u00f3.<\/p>\n\n\n\n<p>Hegseth reiter\u00f3 que la defensa nacional y la lucha contra el narcotr\u00e1fico siguen siendo prioridades absolutas para el gobierno estadounidense. \u201cNing\u00fan miembro de los c\u00e1rteles terroristas tiene oportunidad alguna frente a nuestras Fuerzas Armadas\u201d, afirm\u00f3 el jefe del Pent\u00e1gono.<\/p>\n\n\n\n<p><\/p>\n","protected":false},"excerpt":{"rendered":"<p>Por orden del presidente Donald Trump, el Departamento de Guerra de Estados Unidos realiz\u00f3 un nuevo operativo en el Oc\u00e9ano Pac\u00edfico, que dej\u00f3 como saldo dos personas muertas, seg\u00fan inform\u00f3 el secretario de Guerra, Pete Hegseth. A trav\u00e9s de su cuenta en la red social X, Hegseth explic\u00f3 que la acci\u00f3n consisti\u00f3 en un ataque [&hellip;]<\/p>\n","protected":false},"author":1,"featured_media":70844,"comment_status":"open","ping_status":"open","sticky":false,"template":"","format":"standard","meta":{"om_disable_all_campaigns":false,"_monsterinsights_skip_tracking":false,"_monsterinsights_sitenote_active":false,"_monsterinsights_sitenote_note":"","_monsterinsights_sitenote_category":0,"footnotes":""},"categories":[183],"tags":[],"class_list":["post-70843","post","type-post","status-publish","format-standard","has-post-thumbnail","hentry","category-internacional"],"amp_enabled":true,"_links":{"self":[{"href":"https:\/\/lahora.mx\/index.php\/wp-json\/wp\/v2\/posts\/70843","targetHints":{"allow":["GET"]}}],"collection":[{"href":"https:\/\/lahora.mx\/index.php\/wp-json\/wp\/v2\/posts"}],"about":[{"href":"https:\/\/lahora.mx\/index.php\/wp-json\/wp\/v2\/types\/post"}],"author":[{"embeddable":true,"href":"https:\/\/lahora.mx\/index.php\/wp-json\/wp\/v2\/users\/1"}],"replies":[{"embeddable":true,"href":"https:\/\/lahora.mx\/index.php\/wp-json\/wp\/v2\/comments?post=70843"}],"version-history":[{"count":1,"href":"https:\/\/lahora.mx\/index.php\/wp-json\/wp\/v2\/posts\/70843\/revisions"}],"predecessor-version":[{"id":70845,"href":"https:\/\/lahora.mx\/index.php\/wp-json\/wp\/v2\/posts\/70843\/revisions\/70845"}],"wp:featuredmedia":[{"embeddable":true,"href":"https:\/\/lahora.mx\/index.php\/wp-json\/wp\/v2\/media\/70844"}],"wp:attachment":[{"href":"https:\/\/lahora.mx\/index.php\/wp-json\/wp\/v2\/media?parent=70843"}],"wp:term":[{"taxonomy":"category","embeddable":true,"href":"https:\/\/lahora.mx\/index.php\/wp-json\/wp\/v2\/categories?post=70843"},{"taxonomy":"post_tag","embeddable":true,"href":"https:\/\/lahora.mx\/index.php\/wp-json\/wp\/v2\/tags?post=70843"}],"curies":[{"name":"wp","href":"https:\/\/api.w.org\/{rel}","templated":true}]}}