{"id":70837,"date":"2025-11-05T16:15:30","date_gmt":"2025-11-05T16:15:30","guid":{"rendered":"https:\/\/lahora.mx\/?p=70837"},"modified":"2025-11-05T16:15:30","modified_gmt":"2025-11-05T16:15:30","slug":"detienen-a-uriel-rivera-hombre-que-acoso-a-claudia-sheinbaum","status":"publish","type":"post","link":"https:\/\/lahora.mx\/index.php\/2025\/11\/05\/detienen-a-uriel-rivera-hombre-que-acoso-a-claudia-sheinbaum\/","title":{"rendered":"Detienen a Uriel Rivera, hombre que acos\u00f3 a Claudia Sheinbaum"},"content":{"rendered":"\n<p>Uriel Rivera Mart\u00ednez, es el hombre identificado que acos\u00f3 a la presidenta de M\u00e9xico, Claudia Sheinbaum Pardo, quien fue detenido el pasado martes cuatro de noviembre.<\/p>\n\n\n\n<p>Lo anterior fue grabado mientras la Mandataria Federal se encontraba con un grupo de personas fuera de Palacio Nacional, en el cual se muestra al sujeto que se acerca a Sheinbaum Pardo por la espalda y la besa. Adem\u00e1s, el hombre alcanz\u00f3 a tocarle el pecho.<\/p>\n\n\n\n<p>Al parecer Claudia Sheinbaum se encontraba sin ninguna protecci\u00f3n, de tal manera el titular de la Direcci\u00f3n General de Ayudant\u00eda, Juan Jos\u00e9 Ram\u00edrez, intervino en el acto.<\/p>\n\n\n\n<p>La Presidenta de M\u00e9xico ten\u00eda previsto asistir a la primera Reuni\u00f3n Nacional de Universidades e Instituciones de Educaci\u00f3n Superior en las instalaciones de la Secretar\u00eda de Educaci\u00f3n P\u00fablica (SEP), de tal manera se traslad\u00f3 a pie, ya que se encuentra a unas calles de Palacio Nacional.<\/p>\n\n\n\n<p>En el trayecto, el hombre, aprovechando que otros ciudadanos saludaban a la mandataria, se le acerc\u00f3 para acosarla.<\/p>\n\n\n\n<p>Las mismas autoridades federales remitieron al Registro Nacional de Detenciones, por lo que Uriel Rivera Mart\u00ednez, fue arrestado y llevado a la Fiscal\u00eda de Delitos Sexuales de la Ciudad de M\u00e9xico.<\/p>\n\n\n\n<p>Fuentes penales indicaron que Sheinbaum fue v\u00edctima de un delito de abuso sexual flagrante, seg\u00fan el C\u00f3digo Penal para la Ciudad de M\u00e9xico, pero en el momento que ocurri\u00f3 el delito ning\u00fan ayudante cercano a la mandataria intervino.<\/p>\n","protected":false},"excerpt":{"rendered":"<p>Uriel Rivera Mart\u00ednez, es el hombre identificado que acos\u00f3 a la presidenta de M\u00e9xico, Claudia Sheinbaum Pardo, quien fue detenido el pasado martes cuatro de noviembre. Lo anterior fue grabado mientras la Mandataria Federal se encontraba con un grupo de personas fuera de Palacio Nacional, en el cual se muestra al sujeto que se acerca [&hellip;]<\/p>\n","protected":false},"author":1,"featured_media":70838,"comment_status":"open","ping_status":"open","sticky":false,"template":"","format":"standard","meta":{"om_disable_all_campaigns":false,"_monsterinsights_skip_tracking":false,"_monsterinsights_sitenote_active":false,"_monsterinsights_sitenote_note":"","_monsterinsights_sitenote_category":0,"footnotes":""},"categories":[176,226],"tags":[],"class_list":["post-70837","post","type-post","status-publish","format-standard","has-post-thumbnail","hentry","category-nacional","category-policia"],"amp_enabled":true,"_links":{"self":[{"href":"https:\/\/lahora.mx\/index.php\/wp-json\/wp\/v2\/posts\/70837","targetHints":{"allow":["GET"]}}],"collection":[{"href":"https:\/\/lahora.mx\/index.php\/wp-json\/wp\/v2\/posts"}],"about":[{"href":"https:\/\/lahora.mx\/index.php\/wp-json\/wp\/v2\/types\/post"}],"author":[{"embeddable":true,"href":"https:\/\/lahora.mx\/index.php\/wp-json\/wp\/v2\/users\/1"}],"replies":[{"embeddable":true,"href":"https:\/\/lahora.mx\/index.php\/wp-json\/wp\/v2\/comments?post=70837"}],"version-history":[{"count":1,"href":"https:\/\/lahora.mx\/index.php\/wp-json\/wp\/v2\/posts\/70837\/revisions"}],"predecessor-version":[{"id":70839,"href":"https:\/\/lahora.mx\/index.php\/wp-json\/wp\/v2\/posts\/70837\/revisions\/70839"}],"wp:featuredmedia":[{"embeddable":true,"href":"https:\/\/lahora.mx\/index.php\/wp-json\/wp\/v2\/media\/70838"}],"wp:attachment":[{"href":"https:\/\/lahora.mx\/index.php\/wp-json\/wp\/v2\/media?parent=70837"}],"wp:term":[{"taxonomy":"category","embeddable":true,"href":"https:\/\/lahora.mx\/index.php\/wp-json\/wp\/v2\/categories?post=70837"},{"taxonomy":"post_tag","embeddable":true,"href":"https:\/\/lahora.mx\/index.php\/wp-json\/wp\/v2\/tags?post=70837"}],"curies":[{"name":"wp","href":"https:\/\/api.w.org\/{rel}","templated":true}]}}