{"id":70795,"date":"2025-11-04T23:36:57","date_gmt":"2025-11-04T23:36:57","guid":{"rendered":"https:\/\/lahora.mx\/?p=70795"},"modified":"2025-11-05T00:27:01","modified_gmt":"2025-11-05T00:27:01","slug":"hombres-de-30-a-64-anos-podran-acceder-a-una-pension-por-discapacidad-de-3200-pesos-bimestrales","status":"publish","type":"post","link":"https:\/\/lahora.mx\/index.php\/2025\/11\/04\/hombres-de-30-a-64-anos-podran-acceder-a-una-pension-por-discapacidad-de-3200-pesos-bimestrales\/","title":{"rendered":"Hombres de 30 a 64 a\u00f1os podr\u00e1n acceder a una pensi\u00f3n por discapacidad de 3,200 pesos bimestrales"},"content":{"rendered":"\n<p>Hombres de entre 30 y 64 a\u00f1os podr\u00e1n acceder a una pensi\u00f3n bimestral de 3 mil 200 pesos , como parte del programa federal Pensi\u00f3n para el Bienestar de las Personas con Discapacidad Permanente . Para recibir este apoyo econ\u00f3mico, es necesario cumplir con los requisitos establecidos por la Secretar\u00eda del Bienestar y completar el proceso de registro.<\/p>\n\n\n\n<p>Aunque a\u00fan no se ha definido una fecha oficial para la apertura del registro, se prev\u00e9 que ocurra durante el mes de diciembre , en paralelo con la incorporaci\u00f3n de beneficiarios de otros programas sociales. La dependencia ha registrado que los periodos de inscripci\u00f3n se abren de manera peri\u00f3dica , por lo que llam\u00f3 a la poblaci\u00f3n interesada a mantenerse informada a trav\u00e9s de canales oficiales.<br>Este programa tiene como prop\u00f3sito&nbsp;<strong>garantizar los derechos y libertades<\/strong>&nbsp;de personas con discapacidad permanente, mediante un apoyo econ\u00f3mico que contribuya a mejorar su calidad de vida.<\/p>\n\n\n\n<p>Los interesados \u200b\u200bdeber\u00e1n presentar la siguiente documentaci\u00f3n en original y copia:&nbsp;<strong>acta de nacimiento<\/strong>&nbsp;,&nbsp;<strong>identificaci\u00f3n oficial vigente<\/strong>&nbsp;,&nbsp;<strong>CURP<\/strong>&nbsp;,&nbsp;<strong>comprobante de domicilio<\/strong>&nbsp;(con una antig\u00fcedad no mayor a seis meses) y un&nbsp;<strong>certificado o constancia m\u00e9dica<\/strong>&nbsp;que acredita la discapacidad permanente, expedido por instituciones del sector salud, ya sean federales, estatales o municipales.<\/p>\n\n\n\n<p>Asimismo, la Secretar\u00eda del Bienestar permite que, en caso de que la persona solicitante no pueda acudir directamente, designe a un&nbsp;<strong>auxiliar<\/strong>&nbsp;que acuda en su representaci\u00f3n. Este deber\u00e1 presentar su propia identificaci\u00f3n, CURP, comprobante de domicilio y un documento que acredite el&nbsp;<strong>parentesco o v\u00ednculo<\/strong>&nbsp;con la persona con discapacidad.<\/p>\n","protected":false},"excerpt":{"rendered":"<p>Hombres de entre 30 y 64 a\u00f1os podr\u00e1n acceder a una pensi\u00f3n bimestral de 3 mil 200 pesos , como parte del programa federal Pensi\u00f3n para el Bienestar de las Personas con Discapacidad Permanente . Para recibir este apoyo econ\u00f3mico, es necesario cumplir con los requisitos establecidos por la Secretar\u00eda del Bienestar y completar el [&hellip;]<\/p>\n","protected":false},"author":1,"featured_media":70797,"comment_status":"open","ping_status":"open","sticky":false,"template":"","format":"standard","meta":{"om_disable_all_campaigns":false,"_monsterinsights_skip_tracking":false,"_monsterinsights_sitenote_active":false,"_monsterinsights_sitenote_note":"","_monsterinsights_sitenote_category":0,"footnotes":""},"categories":[176],"tags":[195],"class_list":["post-70795","post","type-post","status-publish","format-standard","has-post-thumbnail","hentry","category-nacional","tag-principal"],"amp_enabled":true,"_links":{"self":[{"href":"https:\/\/lahora.mx\/index.php\/wp-json\/wp\/v2\/posts\/70795","targetHints":{"allow":["GET"]}}],"collection":[{"href":"https:\/\/lahora.mx\/index.php\/wp-json\/wp\/v2\/posts"}],"about":[{"href":"https:\/\/lahora.mx\/index.php\/wp-json\/wp\/v2\/types\/post"}],"author":[{"embeddable":true,"href":"https:\/\/lahora.mx\/index.php\/wp-json\/wp\/v2\/users\/1"}],"replies":[{"embeddable":true,"href":"https:\/\/lahora.mx\/index.php\/wp-json\/wp\/v2\/comments?post=70795"}],"version-history":[{"count":2,"href":"https:\/\/lahora.mx\/index.php\/wp-json\/wp\/v2\/posts\/70795\/revisions"}],"predecessor-version":[{"id":70799,"href":"https:\/\/lahora.mx\/index.php\/wp-json\/wp\/v2\/posts\/70795\/revisions\/70799"}],"wp:featuredmedia":[{"embeddable":true,"href":"https:\/\/lahora.mx\/index.php\/wp-json\/wp\/v2\/media\/70797"}],"wp:attachment":[{"href":"https:\/\/lahora.mx\/index.php\/wp-json\/wp\/v2\/media?parent=70795"}],"wp:term":[{"taxonomy":"category","embeddable":true,"href":"https:\/\/lahora.mx\/index.php\/wp-json\/wp\/v2\/categories?post=70795"},{"taxonomy":"post_tag","embeddable":true,"href":"https:\/\/lahora.mx\/index.php\/wp-json\/wp\/v2\/tags?post=70795"}],"curies":[{"name":"wp","href":"https:\/\/api.w.org\/{rel}","templated":true}]}}