{"id":70773,"date":"2025-11-04T16:59:46","date_gmt":"2025-11-04T16:59:46","guid":{"rendered":"https:\/\/lahora.mx\/?p=70773"},"modified":"2025-11-04T16:59:47","modified_gmt":"2025-11-04T16:59:47","slug":"sigue-retrasandose-la-justicia-para-el-periodista-marco-aurelio-ramirez-tras-su-homicidio-en-2023","status":"publish","type":"post","link":"https:\/\/lahora.mx\/index.php\/2025\/11\/04\/sigue-retrasandose-la-justicia-para-el-periodista-marco-aurelio-ramirez-tras-su-homicidio-en-2023\/","title":{"rendered":"Sigue retras\u00e1ndose la justicia para el periodista Marco Aurelio Ram\u00edrez tras su homicidio en 2023"},"content":{"rendered":"\n<p>La audiencia de inicio de juicio por el homicidio del periodista Marco Aurelio Ram\u00edrez Hern\u00e1ndez registr\u00f3 un nuevo aplazamiento de acuerdo con lo que inform\u00f3 su hija Diana Luisa Ram\u00edrez, quien tambi\u00e9n lament\u00f3 la dilataci\u00f3n en la aplicaci\u00f3n de justicia y el actuar que han mostrado los funcionarios de menor nivel los cuales han mostrado clara empat\u00eda con los abogados de los imputados en caso.<\/p>\n\n\n\n<p>Indic\u00f3 que originalmente la audiencia estaba programada para el pasado 30 de octubre, pero posteriormente esta se aplaz\u00f3 hasta el 18 de noviembre, por lo que tampoco se tiene la certeza de que este d\u00eda se lleve a cabo.<br>Mencion\u00f3 que estos cambios de \u00faltima hora en las audiencias no solo es un retraso a la impartici\u00f3n de justicia, sino tambi\u00e9n significan un desgaste emocional para su familia, as\u00ed como gastos econ\u00f3micos y tiempo invertido.<\/p>\n\n\n\n<p>La tambi\u00e9n abogada se\u00f1al\u00f3 que el expediente de juicio de su padre cuenta con m\u00e1s de 50 pruebas entre periciales, declaraciones de testigos, videos e informaci\u00f3n que se van a desahogar en el juicio.<\/p>\n\n\n\n<p>Coment\u00f3 que tras notificarle que la audiencia de juicio se hab\u00eda reprogramado, nuevamente se le cit\u00f3 para que se presentar\u00e1n a otra audiencia para la revisi\u00f3n de pruebas, bajo la advertencia de que si no se acud\u00edan podr\u00edan ser sancionadas con una multa, pero la sorpresa es que cuando acudieron result\u00f3 que dicha citaci\u00f3n, no estaba programa y por lo tanto se cancel\u00f3.<\/p>\n\n\n\n<p>Expres\u00f3 que se ha observado la falta de tacto del auxiliar del juez, quien ignor\u00f3 pr\u00e1cticamente a la parte agraviada, mientras que con los abogados defensores de los presuntos homicidas se registr\u00f3 un trato diferente, lo cual dijo es una falta de respeto y hasta de sospecha de favoritismo.<\/p>\n\n\n\n<p>Diana Luisa mencion\u00f3 que el proceso penal se complica tambi\u00e9n por cuestiones estructurales del sistema judicial poblano, ya que el Tribunal de Enjuiciamiento del Estado, cuenta con apenas siete jueces, lo que causa que ante tantos casos podr\u00eda derivarse los constantes aplazamientos en la audiencia.<\/p>\n\n\n\n<p>Cabe mencionar que el periodista Marco Aurelio Ram\u00edrez fue ultimado el 23 de mayo del 2023 mientras que conduc\u00eda su veh\u00edculo en el fraccionamiento Agua Blanca, por lo que hay dos hombres imputados en el caso Jos\u00e9 Francisco \u201cN\u201d y Jes\u00fas Armando \u201cN\u201d, al\u00edas \u201cEl G\u00fcero\u201d.<\/p>\n","protected":false},"excerpt":{"rendered":"<p>La audiencia de inicio de juicio por el homicidio del periodista Marco Aurelio Ram\u00edrez Hern\u00e1ndez registr\u00f3 un nuevo aplazamiento de acuerdo con lo que inform\u00f3 su hija Diana Luisa Ram\u00edrez, quien tambi\u00e9n lament\u00f3 la dilataci\u00f3n en la aplicaci\u00f3n de justicia y el actuar que han mostrado los funcionarios de menor nivel los cuales han mostrado [&hellip;]<\/p>\n","protected":false},"author":1,"featured_media":70774,"comment_status":"open","ping_status":"open","sticky":false,"template":"","format":"standard","meta":{"om_disable_all_campaigns":false,"_monsterinsights_skip_tracking":false,"_monsterinsights_sitenote_active":false,"_monsterinsights_sitenote_note":"","_monsterinsights_sitenote_category":0,"footnotes":""},"categories":[176,226],"tags":[],"class_list":["post-70773","post","type-post","status-publish","format-standard","has-post-thumbnail","hentry","category-nacional","category-policia"],"amp_enabled":true,"_links":{"self":[{"href":"https:\/\/lahora.mx\/index.php\/wp-json\/wp\/v2\/posts\/70773","targetHints":{"allow":["GET"]}}],"collection":[{"href":"https:\/\/lahora.mx\/index.php\/wp-json\/wp\/v2\/posts"}],"about":[{"href":"https:\/\/lahora.mx\/index.php\/wp-json\/wp\/v2\/types\/post"}],"author":[{"embeddable":true,"href":"https:\/\/lahora.mx\/index.php\/wp-json\/wp\/v2\/users\/1"}],"replies":[{"embeddable":true,"href":"https:\/\/lahora.mx\/index.php\/wp-json\/wp\/v2\/comments?post=70773"}],"version-history":[{"count":1,"href":"https:\/\/lahora.mx\/index.php\/wp-json\/wp\/v2\/posts\/70773\/revisions"}],"predecessor-version":[{"id":70775,"href":"https:\/\/lahora.mx\/index.php\/wp-json\/wp\/v2\/posts\/70773\/revisions\/70775"}],"wp:featuredmedia":[{"embeddable":true,"href":"https:\/\/lahora.mx\/index.php\/wp-json\/wp\/v2\/media\/70774"}],"wp:attachment":[{"href":"https:\/\/lahora.mx\/index.php\/wp-json\/wp\/v2\/media?parent=70773"}],"wp:term":[{"taxonomy":"category","embeddable":true,"href":"https:\/\/lahora.mx\/index.php\/wp-json\/wp\/v2\/categories?post=70773"},{"taxonomy":"post_tag","embeddable":true,"href":"https:\/\/lahora.mx\/index.php\/wp-json\/wp\/v2\/tags?post=70773"}],"curies":[{"name":"wp","href":"https:\/\/api.w.org\/{rel}","templated":true}]}}