{"id":70763,"date":"2025-11-04T16:05:37","date_gmt":"2025-11-04T16:05:37","guid":{"rendered":"https:\/\/lahora.mx\/?p=70763"},"modified":"2025-11-04T16:05:37","modified_gmt":"2025-11-04T16:05:37","slug":"fue-incendiado-el-palacio-de-gobierno-de-apatzingan-michoacan","status":"publish","type":"post","link":"https:\/\/lahora.mx\/index.php\/2025\/11\/04\/fue-incendiado-el-palacio-de-gobierno-de-apatzingan-michoacan\/","title":{"rendered":"Fue incendiado el Palacio de Gobierno de Apatzing\u00e1n, Michoac\u00e1n"},"content":{"rendered":"\n<p>Un grupo de personas que llev\u00f3 a cabo una manifestaci\u00f3n por el asesinato del alcalde de Uruapan, Michoac\u00e1n, Carlos Alberto Manzo Rodr\u00edguez, y del l\u00edder limonero, Bernardo Bravo, incendiaron el Palacio de Gobierno de Apatzing\u00e1n.<\/p>\n\n\n\n<p>Fue el pasado lunes por la tarde cuando un grupo de personas llevaron cabo dicha manifestaci\u00f3n, la cual se sali\u00f3 de manera inmediata de control y comenzaron a lanzar piedras contra la sede del gobierno municipal y tras irrumpir al edificio prendieron fuego al mobiliario.<\/p>\n\n\n\n<p>Los inconformes exig\u00edan justicia y denunciaban la falta de resultados en la investigaci\u00f3n por el homicidio de ambos activistas, quienes son reconocidos por su trabajo en defensa de los derechos de las comunidades ind\u00edgenas y campesinas.<\/p>\n\n\n\n<p>Cuando la marcha arrib\u00f3 al Palacio Municipal, varios de ellos irrumpieron al mismo y arrojaron bombas molotov, lo que provoc\u00f3 un incendio que consumi\u00f3 parte del archivo municipal y oficinas administrativas.<\/p>\n\n\n\n<p>Cabe recordar que Michoac\u00e1n ha vivido una jornada de protestas y movilizaciones en Uruapan, P\u00e1tzcuaro y Morelia, por el asesinato del alcalde de Uruapan, Carlos Alberto Manzo Rodr\u00edguez, ocurrido el pasado fin de semana.<\/p>\n\n\n\n<p>Estudiantes, ciudadanos y l\u00edderes sociales salieron a las calles para exigir que se esclarezcan los hechos y se castigue a los responsables.<\/p>\n\n\n\n<p>Mientras se incendia el Palacio de Apatzing\u00e1n, los j\u00f3venes en Uruapan acaban de tomar las estaciones del telef\u00e9rico con banderas de \u201cClaudia Asesina\u201d.<\/p>\n","protected":false},"excerpt":{"rendered":"<p>Un grupo de personas que llev\u00f3 a cabo una manifestaci\u00f3n por el asesinato del alcalde de Uruapan, Michoac\u00e1n, Carlos Alberto Manzo Rodr\u00edguez, y del l\u00edder limonero, Bernardo Bravo, incendiaron el Palacio de Gobierno de Apatzing\u00e1n. Fue el pasado lunes por la tarde cuando un grupo de personas llevaron cabo dicha manifestaci\u00f3n, la cual se sali\u00f3 [&hellip;]<\/p>\n","protected":false},"author":1,"featured_media":70765,"comment_status":"open","ping_status":"open","sticky":false,"template":"","format":"standard","meta":{"om_disable_all_campaigns":false,"_monsterinsights_skip_tracking":false,"_monsterinsights_sitenote_active":false,"_monsterinsights_sitenote_note":"","_monsterinsights_sitenote_category":0,"footnotes":""},"categories":[176],"tags":[],"class_list":["post-70763","post","type-post","status-publish","format-standard","has-post-thumbnail","hentry","category-nacional"],"amp_enabled":true,"_links":{"self":[{"href":"https:\/\/lahora.mx\/index.php\/wp-json\/wp\/v2\/posts\/70763","targetHints":{"allow":["GET"]}}],"collection":[{"href":"https:\/\/lahora.mx\/index.php\/wp-json\/wp\/v2\/posts"}],"about":[{"href":"https:\/\/lahora.mx\/index.php\/wp-json\/wp\/v2\/types\/post"}],"author":[{"embeddable":true,"href":"https:\/\/lahora.mx\/index.php\/wp-json\/wp\/v2\/users\/1"}],"replies":[{"embeddable":true,"href":"https:\/\/lahora.mx\/index.php\/wp-json\/wp\/v2\/comments?post=70763"}],"version-history":[{"count":1,"href":"https:\/\/lahora.mx\/index.php\/wp-json\/wp\/v2\/posts\/70763\/revisions"}],"predecessor-version":[{"id":70766,"href":"https:\/\/lahora.mx\/index.php\/wp-json\/wp\/v2\/posts\/70763\/revisions\/70766"}],"wp:featuredmedia":[{"embeddable":true,"href":"https:\/\/lahora.mx\/index.php\/wp-json\/wp\/v2\/media\/70765"}],"wp:attachment":[{"href":"https:\/\/lahora.mx\/index.php\/wp-json\/wp\/v2\/media?parent=70763"}],"wp:term":[{"taxonomy":"category","embeddable":true,"href":"https:\/\/lahora.mx\/index.php\/wp-json\/wp\/v2\/categories?post=70763"},{"taxonomy":"post_tag","embeddable":true,"href":"https:\/\/lahora.mx\/index.php\/wp-json\/wp\/v2\/tags?post=70763"}],"curies":[{"name":"wp","href":"https:\/\/api.w.org\/{rel}","templated":true}]}}