{"id":70723,"date":"2025-11-03T23:13:15","date_gmt":"2025-11-03T23:13:15","guid":{"rendered":"https:\/\/lahora.mx\/?p=70723"},"modified":"2025-11-03T23:13:16","modified_gmt":"2025-11-03T23:13:16","slug":"norona-acusa-a-la-oposicion-de-lucrar-con-asesinato-del-alcalde-de-uruapan","status":"publish","type":"post","link":"https:\/\/lahora.mx\/index.php\/2025\/11\/03\/norona-acusa-a-la-oposicion-de-lucrar-con-asesinato-del-alcalde-de-uruapan\/","title":{"rendered":"Noro\u00f1a acusa a la oposici\u00f3n de lucrar con asesinato del alcalde de Uruapan"},"content":{"rendered":"\n<p>El senador Gerardo Fern\u00e1ndez Noro\u00f1a conden\u00f3 en\u00e9rgicamente el asesinato de Carlos Manzo , alcalde de Uruapan, Michoac\u00e1n , y acus\u00f3 a la oposici\u00f3n de lucrar pol\u00edticamente con el crimen, ocurrido la noche del 1 de noviembre , durante la celebraci\u00f3n del Festival de las Velas , evento conmemorativo del D\u00eda de Muertos .<\/p>\n\n\n\n<p>En una videocharla realizada el 2 de noviembre, tras su regreso de un viaje a Palestina , Noro\u00f1a expres\u00f3 su solidaridad con los allegados de Manzo y calific\u00f3 el caso como \u201c grav\u00edsimo \u201d por su impacto pol\u00edtico. \u00bb Ya vieron a la derecha, est\u00e1 con toda la mala fe de siempre, casi quieren hacerlo su compa\u00f1ero. No, no era su compa\u00f1ero, era compa\u00f1ero nuestro. Carlos Manzo fue diputado federal por Morena \u00ab, dijo, acusando a los sectores conservadores de actuar con hipocres\u00eda .<br><br>Record\u00f3 que en 2024 , Morena subestim\u00f3 la trayectoria de Manzo al rechazar sus aspiraciones simult\u00e1neas a la alcald\u00eda de Uruapan , la diputaci\u00f3n local y la federal . \u201c El movimiento trata de equilibrar. No se lleg\u00f3 a un acuerdo, jug\u00f3 como independiente y gan\u00f3 todo \u201d, explic\u00f3.<\/p>\n\n\n\n<p>Noro\u00f1a tambi\u00e9n reconoci\u00f3 que la Cuarta Transformaci\u00f3n (4T) no puede evadir su responsabilidad en materia de seguridad , especialmente en Michoac\u00e1n, donde dos de los tres niveles de gobierno est\u00e1n bajo control de Morena .<\/p>\n\n\n\n<p>Seg\u00fan el senador, el propio Carlos Manzo hab\u00eda solicitado que fuera la polic\u00eda municipal la encargada de su protecci\u00f3n personal , aunque la Secretar\u00eda de Seguridad federal habr\u00eda insistido en asumir esa labor, dada la alta peligrosidad de la regi\u00f3n.<\/p>\n\n\n\n<p>El legislador record\u00f3 su buena relaci\u00f3n personal con el alcalde, quien lo invit\u00f3 en varias ocasiones a Uruapan para conocer su trabajo comunitario. Afirm\u00f3 que Manzo se enfrentaba a los abusos policiales derivados del contexto de crimen organizado y autodefensas , fen\u00f3menos que se fortalecieron bajo gobiernos del PRI y el PAN .<\/p>\n\n\n\n<p>Tambi\u00e9n relat\u00f3 que, gracias a su intervenci\u00f3n, Manzo logr\u00f3 reconciliarse con el gobernador de Michoac\u00e1n, Alfredo Ram\u00edrez Bedolla , con quien manten\u00eda diferencias pol\u00edticas desde que fue diputado.<\/p>\n\n\n\n<p>En su mensaje, Noro\u00f1a tambi\u00e9n aludi\u00f3 al contexto hist\u00f3rico, recordando que durante los sexenios de Felipe Calder\u00f3n y Enrique Pe\u00f1a Nieto fueron asesinados 49 y 85 funcionarios , respectivamente, sin que se pidieran entonces intervenciones extranjeras , como lo hace actualmente la oposici\u00f3n. Critic\u00f3 a figuras como Lilly T\u00e9llez , acus\u00e1ndolas de utilizar el crimen con fines partidistas : \u201c Farsantes, mentirosos, carro\u00f1eros\u2026 Esto para ellos es redituable, son perversos \u201d, afirm\u00f3.<\/p>\n\n\n\n<p>El asesinato de Manzo ocurri\u00f3 en la plaza principal de Uruapan , cuando el edil se encontraba tom\u00e1ndose fotograf\u00edas con ni\u00f1os . Hombres armados abrieron fuego y le dispararon siete veces . La Fiscal\u00eda General del Estado de Michoac\u00e1n lleva la investigaci\u00f3n, mientras que el secretario de Seguridad, Omar Garc\u00eda Harfuch , advirti\u00f3 que el caso no debe tratarse como un homicidio del fuero com\u00fan , ya que intervino el crimen organizado .<\/p>\n","protected":false},"excerpt":{"rendered":"<p>El senador Gerardo Fern\u00e1ndez Noro\u00f1a conden\u00f3 en\u00e9rgicamente el asesinato de Carlos Manzo , alcalde de Uruapan, Michoac\u00e1n , y acus\u00f3 a la oposici\u00f3n de lucrar pol\u00edticamente con el crimen, ocurrido la noche del 1 de noviembre , durante la celebraci\u00f3n del Festival de las Velas , evento conmemorativo del D\u00eda de Muertos . En una [&hellip;]<\/p>\n","protected":false},"author":1,"featured_media":70724,"comment_status":"open","ping_status":"open","sticky":false,"template":"","format":"standard","meta":{"om_disable_all_campaigns":false,"_monsterinsights_skip_tracking":false,"_monsterinsights_sitenote_active":false,"_monsterinsights_sitenote_note":"","_monsterinsights_sitenote_category":0,"footnotes":""},"categories":[176,5],"tags":[],"class_list":["post-70723","post","type-post","status-publish","format-standard","has-post-thumbnail","hentry","category-nacional","category-politica"],"amp_enabled":true,"_links":{"self":[{"href":"https:\/\/lahora.mx\/index.php\/wp-json\/wp\/v2\/posts\/70723","targetHints":{"allow":["GET"]}}],"collection":[{"href":"https:\/\/lahora.mx\/index.php\/wp-json\/wp\/v2\/posts"}],"about":[{"href":"https:\/\/lahora.mx\/index.php\/wp-json\/wp\/v2\/types\/post"}],"author":[{"embeddable":true,"href":"https:\/\/lahora.mx\/index.php\/wp-json\/wp\/v2\/users\/1"}],"replies":[{"embeddable":true,"href":"https:\/\/lahora.mx\/index.php\/wp-json\/wp\/v2\/comments?post=70723"}],"version-history":[{"count":1,"href":"https:\/\/lahora.mx\/index.php\/wp-json\/wp\/v2\/posts\/70723\/revisions"}],"predecessor-version":[{"id":70725,"href":"https:\/\/lahora.mx\/index.php\/wp-json\/wp\/v2\/posts\/70723\/revisions\/70725"}],"wp:featuredmedia":[{"embeddable":true,"href":"https:\/\/lahora.mx\/index.php\/wp-json\/wp\/v2\/media\/70724"}],"wp:attachment":[{"href":"https:\/\/lahora.mx\/index.php\/wp-json\/wp\/v2\/media?parent=70723"}],"wp:term":[{"taxonomy":"category","embeddable":true,"href":"https:\/\/lahora.mx\/index.php\/wp-json\/wp\/v2\/categories?post=70723"},{"taxonomy":"post_tag","embeddable":true,"href":"https:\/\/lahora.mx\/index.php\/wp-json\/wp\/v2\/tags?post=70723"}],"curies":[{"name":"wp","href":"https:\/\/api.w.org\/{rel}","templated":true}]}}