{"id":70714,"date":"2025-10-14T22:36:20","date_gmt":"2025-10-14T22:36:20","guid":{"rendered":"https:\/\/lahora.mx\/?p=70714"},"modified":"2025-11-03T22:38:27","modified_gmt":"2025-11-03T22:38:27","slug":"diputadas-y-diputados-locales-sumados-en-apoyo-a-damnificados-por-lluvias","status":"publish","type":"post","link":"https:\/\/lahora.mx\/index.php\/2025\/10\/14\/diputadas-y-diputados-locales-sumados-en-apoyo-a-damnificados-por-lluvias\/","title":{"rendered":"Diputadas y diputados locales sumados en apoyo a damnificados por lluvias"},"content":{"rendered":"\n<p>Diputadas y diputados locales, integrantes de la LXII Legislatura del Congreso del Estado de Puebla colaboran desde el pasado viernes con diferentes acciones para apoyar a las personas damnificadas en la Sierra Norte, Nororiental y Negra, ante las afectaciones provocadas por las recientes lluvias.<\/p>\n\n\n\n<p>La presidenta de la Junta de Gobierno y Coordinaci\u00f3n Pol\u00edtica del Congreso del Estado, Laura Artemisa Garc\u00eda Ch\u00e1vez, en compa\u00f1\u00eda de la diputada Nayeli Salvatori Bojalil y del diputado Roberto Zatar\u00e1in Leal, acudi\u00f3 a la regi\u00f3n de Tlatlauquitepec en la Sierra Nororiental para entregar apoyos a las personas afectadas y escuchar sus necesidades, a fin de atenderlas, en el marco de sus competencias.<\/p>\n\n\n\n<p>Desde los primeros momentos, legisladoras y legisladores que representan los distritos de la zona norte y regi\u00f3n de Ajalpan, como Miguel M\u00e1rquez R\u00edos, Laura Guadalupe Vargas Vargas, Esther Mart\u00ednez Romano, Floricel Gonz\u00e1lez M\u00e9ndez, Rosal\u00edo Zanatta Vidaurri y Kathya S\u00e1nchez Rodr\u00edguez recorren de manera permanente las zonas afectadas y se sumaron a la colecta de v\u00edveres, en apoyo a la ciudadan\u00eda.<\/p>\n\n\n\n<p>En general, diputadas y diputados del Congreso del Estado se han sumado a la causa aportando productos no perecederos en favor de la gente afectada por las lluvias.<\/p>\n\n\n\n<p>Asimismo, quienes integran la LXII Legislatura reiteraron el llamado a la ciudadan\u00eda para colaborar en la colecta de v\u00edveres en el centro de acopio que se habilit\u00f3 en la sede del Poder Legislativo, ubicada en la Avenida 32 Oriente n\u00famero 202, Colonia M\u00e1rtires del Trabajo en la ciudad de Puebla, en un horario de 9:00 a 16:00 horas.<\/p>\n","protected":false},"excerpt":{"rendered":"<p>Diputadas y diputados locales, integrantes de la LXII Legislatura del Congreso del Estado de Puebla colaboran desde el pasado viernes con diferentes acciones para apoyar a las personas damnificadas en la Sierra Norte, Nororiental y Negra, ante las afectaciones provocadas por las recientes lluvias. La presidenta de la Junta de Gobierno y Coordinaci\u00f3n Pol\u00edtica del [&hellip;]<\/p>\n","protected":false},"author":1,"featured_media":70715,"comment_status":"open","ping_status":"open","sticky":false,"template":"","format":"standard","meta":{"om_disable_all_campaigns":false,"_monsterinsights_skip_tracking":false,"_monsterinsights_sitenote_active":false,"_monsterinsights_sitenote_note":"","_monsterinsights_sitenote_category":0,"footnotes":""},"categories":[175],"tags":[227],"class_list":["post-70714","post","type-post","status-publish","format-standard","has-post-thumbnail","hentry","category-local","tag-congreso"],"amp_enabled":true,"_links":{"self":[{"href":"https:\/\/lahora.mx\/index.php\/wp-json\/wp\/v2\/posts\/70714","targetHints":{"allow":["GET"]}}],"collection":[{"href":"https:\/\/lahora.mx\/index.php\/wp-json\/wp\/v2\/posts"}],"about":[{"href":"https:\/\/lahora.mx\/index.php\/wp-json\/wp\/v2\/types\/post"}],"author":[{"embeddable":true,"href":"https:\/\/lahora.mx\/index.php\/wp-json\/wp\/v2\/users\/1"}],"replies":[{"embeddable":true,"href":"https:\/\/lahora.mx\/index.php\/wp-json\/wp\/v2\/comments?post=70714"}],"version-history":[{"count":1,"href":"https:\/\/lahora.mx\/index.php\/wp-json\/wp\/v2\/posts\/70714\/revisions"}],"predecessor-version":[{"id":70716,"href":"https:\/\/lahora.mx\/index.php\/wp-json\/wp\/v2\/posts\/70714\/revisions\/70716"}],"wp:featuredmedia":[{"embeddable":true,"href":"https:\/\/lahora.mx\/index.php\/wp-json\/wp\/v2\/media\/70715"}],"wp:attachment":[{"href":"https:\/\/lahora.mx\/index.php\/wp-json\/wp\/v2\/media?parent=70714"}],"wp:term":[{"taxonomy":"category","embeddable":true,"href":"https:\/\/lahora.mx\/index.php\/wp-json\/wp\/v2\/categories?post=70714"},{"taxonomy":"post_tag","embeddable":true,"href":"https:\/\/lahora.mx\/index.php\/wp-json\/wp\/v2\/tags?post=70714"}],"curies":[{"name":"wp","href":"https:\/\/api.w.org\/{rel}","templated":true}]}}