{"id":7071,"date":"2022-05-18T00:25:25","date_gmt":"2022-05-18T00:25:25","guid":{"rendered":"http:\/\/lahora.mx\/?p=7071"},"modified":"2022-05-18T00:25:26","modified_gmt":"2022-05-18T00:25:26","slug":"no-participara-el-presidente-de-cumbre-de-las-americas","status":"publish","type":"post","link":"https:\/\/lahora.mx\/index.php\/2022\/05\/18\/no-participara-el-presidente-de-cumbre-de-las-americas\/","title":{"rendered":"No participar\u00e1 el presidente de Cumbre de las Am\u00e9ricas"},"content":{"rendered":"\n<p><strong>Alejandro Giammattei<\/strong>, presidente de Guatemala, anunci\u00f3 que no asistir\u00e1 a la Cumbre de las Am\u00e9ricas que se realizar\u00e1 en Los \u00c1ngeles en junio, sum\u00e1ndose a mandatarios como los de M\u00e9xico o Bolivia, que ya adelantaron su ausencia.<\/p>\n\n\n\n<p>La decisi\u00f3n viene luego de cr\u00edticas del anfitri\u00f3n, Estados Unidos, a la designaci\u00f3n por cuatro a\u00f1os m\u00e1s Consuelo Porras como Fiscal General de Guatemala y a quien Washington sancion\u00f3 por corrupci\u00f3n.<br><\/p>\n\n\n\n<p>El gobierno de Biden\u00a0no reconoce a los presidentes de Nicaragua, Daniel Ortega, y Venezuela, Nicol\u00e1s Maduro, por considerar que fueron reelegidos en comicios fraudulentos.<\/p>\n\n\n\n<p>La cumbre pondr\u00e1 \u00e9nfasis en la crisis migratoria, el cambio clim\u00e1tico, el covid-19 y la \u00ablucha por la libertad y la democracia\u00bb.<\/p>\n\n\n\n<p><strong>Las \u00abdictaduras\u00bb no ser\u00edan invitadas<\/strong><\/p>\n\n\n\n<p>De acuerdo a la diplomacia estadunidense, Cuba, Nicaragua y Venezuela \u00abno respetan\u00bb la Carta Democr\u00e1tica Interamericana -el documento regional de defensa de la institucionalidad vigente desde septiembre de 2001- \u00aby por lo tanto\u00bb esperan que no est\u00e9n presentes en la pr\u00f3xima cumbre hemisf\u00e9rica que se celebrar\u00e1 del 6 al 10 de junio en Los \u00c1ngeles.<\/p>\n\n\n\n<p>Ante este escenario, la presidenta de Honduras, la izquierdista Xiomara Castro, pidi\u00f3 no excluir a ning\u00fan pa\u00eds.<\/p>\n\n\n\n<p>Por su parte, la canciller chilena, Antonia Urrejola, &nbsp;ha pedido que la convocatoria sea \u00ablo m\u00e1s amplia posible\u00bb y record\u00f3 que la exclusi\u00f3n en este foro de pa\u00edses como Venezuela, Nicaragua y Cuba \u00abno ha dado resultados\u00bb.<\/p>\n","protected":false},"excerpt":{"rendered":"<p>Alejandro Giammattei, presidente de Guatemala, anunci\u00f3 que no asistir\u00e1 a la Cumbre de las Am\u00e9ricas que se realizar\u00e1 en Los \u00c1ngeles en junio, sum\u00e1ndose a mandatarios como los de M\u00e9xico o Bolivia, que ya adelantaron su ausencia. La decisi\u00f3n viene luego de cr\u00edticas del anfitri\u00f3n, Estados Unidos, a la designaci\u00f3n por cuatro a\u00f1os m\u00e1s Consuelo [&hellip;]<\/p>\n","protected":false},"author":4,"featured_media":7072,"comment_status":"open","ping_status":"open","sticky":false,"template":"","format":"standard","meta":{"om_disable_all_campaigns":false,"_monsterinsights_skip_tracking":false,"_monsterinsights_sitenote_active":false,"_monsterinsights_sitenote_note":"","_monsterinsights_sitenote_category":0,"footnotes":""},"categories":[183],"tags":[],"class_list":["post-7071","post","type-post","status-publish","format-standard","has-post-thumbnail","hentry","category-internacional"],"amp_enabled":true,"_links":{"self":[{"href":"https:\/\/lahora.mx\/index.php\/wp-json\/wp\/v2\/posts\/7071","targetHints":{"allow":["GET"]}}],"collection":[{"href":"https:\/\/lahora.mx\/index.php\/wp-json\/wp\/v2\/posts"}],"about":[{"href":"https:\/\/lahora.mx\/index.php\/wp-json\/wp\/v2\/types\/post"}],"author":[{"embeddable":true,"href":"https:\/\/lahora.mx\/index.php\/wp-json\/wp\/v2\/users\/4"}],"replies":[{"embeddable":true,"href":"https:\/\/lahora.mx\/index.php\/wp-json\/wp\/v2\/comments?post=7071"}],"version-history":[{"count":1,"href":"https:\/\/lahora.mx\/index.php\/wp-json\/wp\/v2\/posts\/7071\/revisions"}],"predecessor-version":[{"id":7073,"href":"https:\/\/lahora.mx\/index.php\/wp-json\/wp\/v2\/posts\/7071\/revisions\/7073"}],"wp:featuredmedia":[{"embeddable":true,"href":"https:\/\/lahora.mx\/index.php\/wp-json\/wp\/v2\/media\/7072"}],"wp:attachment":[{"href":"https:\/\/lahora.mx\/index.php\/wp-json\/wp\/v2\/media?parent=7071"}],"wp:term":[{"taxonomy":"category","embeddable":true,"href":"https:\/\/lahora.mx\/index.php\/wp-json\/wp\/v2\/categories?post=7071"},{"taxonomy":"post_tag","embeddable":true,"href":"https:\/\/lahora.mx\/index.php\/wp-json\/wp\/v2\/tags?post=7071"}],"curies":[{"name":"wp","href":"https:\/\/api.w.org\/{rel}","templated":true}]}}