{"id":70708,"date":"2025-10-09T22:28:39","date_gmt":"2025-10-09T22:28:39","guid":{"rendered":"https:\/\/lahora.mx\/?p=70708"},"modified":"2025-11-03T22:30:12","modified_gmt":"2025-11-03T22:30:12","slug":"destaca-laura-artemisa-sensibilidad-y-compromiso-de-la-unidad-canina-de-la-ssp","status":"publish","type":"post","link":"https:\/\/lahora.mx\/index.php\/2025\/10\/09\/destaca-laura-artemisa-sensibilidad-y-compromiso-de-la-unidad-canina-de-la-ssp\/","title":{"rendered":"Destaca Laura Artemisa sensibilidad y compromiso de la Unidad Canina de la SSP"},"content":{"rendered":"\n<p>El Congreso del Estado de Puebla entreg\u00f3 reconocimientos a la Unidad Canina de la Secretar\u00eda de Seguridad P\u00fablica (SSP), en un evento que tuvo como objetivo destacar la disciplina, el entrenamiento y el compromiso de sus integrantes, as\u00ed como su invaluable contribuci\u00f3n en tareas de prevenci\u00f3n, seguridad y auxilio.<\/p>\n\n\n\n<p>La presidenta de la Junta de Gobierno y Coordinaci\u00f3n Pol\u00edtica del Congreso del Estado, Laura Artemisa Garc\u00eda Ch\u00e1vez, reconoci\u00f3 la sensibilidad y compromiso de quienes integran la Unidad Canina de la SSP ya que, con su labor, contribuyen a la reconstrucci\u00f3n del tejido social, as\u00ed como al cuidado y formaci\u00f3n de ni\u00f1as, ni\u00f1os y adolescentes.<\/p>\n\n\n\n<p>\u201cNosotros nos sentimos orgullosos de ustedes y hoy es una oportunidad para decirles gracias, a nombre de los poblanos y de las poblanas. El Congreso se congratula mucho en poderles tener en este d\u00eda y hacer un merecido homenaje al trabajo que realizan\u201d, se\u00f1al\u00f3.<\/p>\n\n\n\n<p>En su mensaje, la titular del Voluntariado del Congreso, Minerva Garc\u00eda Ch\u00e1vez, subray\u00f3 que este reconocimiento simboliza el agradecimiento del Poder Legislativo hacia una labor silenciosa, pero firme, que d\u00eda a d\u00eda contribuye a la seguridad de la sociedad poblana.<\/p>\n\n\n\n<p>Por su parte, el encargado del departamento de la Unidad Canina, Arturo Galv\u00e1n Casta\u00f1eda, resalt\u00f3 que, a dos a\u00f1os de su creaci\u00f3n esta \u00e1rea ha logrado certificaciones internacionales y ha fortalecido la seguridad en el Estado, con acciones como la detecci\u00f3n de sustancias il\u00edcitas, armas y explosivos, as\u00ed como labores preventivas en instituciones educativas y espacios p\u00fablicos.<\/p>\n\n\n\n<p>Durante la ceremonia se entregaron reconocimientos a entrenadores, instructores y manejadores certificados de la Unidad Canina, por su esfuerzo y entrega.<\/p>\n","protected":false},"excerpt":{"rendered":"<p>El Congreso del Estado de Puebla entreg\u00f3 reconocimientos a la Unidad Canina de la Secretar\u00eda de Seguridad P\u00fablica (SSP), en un evento que tuvo como objetivo destacar la disciplina, el entrenamiento y el compromiso de sus integrantes, as\u00ed como su invaluable contribuci\u00f3n en tareas de prevenci\u00f3n, seguridad y auxilio. La presidenta de la Junta de [&hellip;]<\/p>\n","protected":false},"author":1,"featured_media":70709,"comment_status":"open","ping_status":"open","sticky":false,"template":"","format":"standard","meta":{"om_disable_all_campaigns":false,"_monsterinsights_skip_tracking":false,"_monsterinsights_sitenote_active":false,"_monsterinsights_sitenote_note":"","_monsterinsights_sitenote_category":0,"footnotes":""},"categories":[175],"tags":[227,223],"class_list":["post-70708","post","type-post","status-publish","format-standard","has-post-thumbnail","hentry","category-local","tag-congreso","tag-puebla"],"amp_enabled":true,"_links":{"self":[{"href":"https:\/\/lahora.mx\/index.php\/wp-json\/wp\/v2\/posts\/70708","targetHints":{"allow":["GET"]}}],"collection":[{"href":"https:\/\/lahora.mx\/index.php\/wp-json\/wp\/v2\/posts"}],"about":[{"href":"https:\/\/lahora.mx\/index.php\/wp-json\/wp\/v2\/types\/post"}],"author":[{"embeddable":true,"href":"https:\/\/lahora.mx\/index.php\/wp-json\/wp\/v2\/users\/1"}],"replies":[{"embeddable":true,"href":"https:\/\/lahora.mx\/index.php\/wp-json\/wp\/v2\/comments?post=70708"}],"version-history":[{"count":1,"href":"https:\/\/lahora.mx\/index.php\/wp-json\/wp\/v2\/posts\/70708\/revisions"}],"predecessor-version":[{"id":70710,"href":"https:\/\/lahora.mx\/index.php\/wp-json\/wp\/v2\/posts\/70708\/revisions\/70710"}],"wp:featuredmedia":[{"embeddable":true,"href":"https:\/\/lahora.mx\/index.php\/wp-json\/wp\/v2\/media\/70709"}],"wp:attachment":[{"href":"https:\/\/lahora.mx\/index.php\/wp-json\/wp\/v2\/media?parent=70708"}],"wp:term":[{"taxonomy":"category","embeddable":true,"href":"https:\/\/lahora.mx\/index.php\/wp-json\/wp\/v2\/categories?post=70708"},{"taxonomy":"post_tag","embeddable":true,"href":"https:\/\/lahora.mx\/index.php\/wp-json\/wp\/v2\/tags?post=70708"}],"curies":[{"name":"wp","href":"https:\/\/api.w.org\/{rel}","templated":true}]}}