{"id":70705,"date":"2025-10-08T22:27:00","date_gmt":"2025-10-08T22:27:00","guid":{"rendered":"https:\/\/lahora.mx\/?p=70705"},"modified":"2025-11-03T22:28:26","modified_gmt":"2025-11-03T22:28:26","slug":"promueve-diputada-azucena-rosas-altares-monumentales-de-huaquechula-2025","status":"publish","type":"post","link":"https:\/\/lahora.mx\/index.php\/2025\/10\/08\/promueve-diputada-azucena-rosas-altares-monumentales-de-huaquechula-2025\/","title":{"rendered":"Promueve diputada Azucena Rosas Altares Monumentales de Huaquechula 2025"},"content":{"rendered":"\n<p>Desde el Congreso del Estado, la diputada Azucena Rosas Tapia y el presidente Municipal de Huaquechula, Ra\u00fal Mar\u00edn Espinoza, invitaron a la poblaci\u00f3n para que acuda a visitar los Altares Monumentales de Huaquechula 2025.<\/p>\n\n\n\n<p>En el marco de la conmemoraci\u00f3n de los 28 a\u00f1os como Patrimonio Cultural del Estado de Puebla, los altares monumentales contin\u00faan como una tradici\u00f3n viva para honrar a nuestros fieles difuntos.<\/p>\n\n\n\n<p>\u201cEn cada vela encendida, comida, flor de cempas\u00fachil y cada altar monumental, se reflejan a\u00f1os de historia, de cultura, identidad y devoci\u00f3n que se inculcan de generaci\u00f3n tras generaci\u00f3n para poder honrar a nuestros seres queridos que partieron\u201d, consider\u00f3 la diputada Azucena Rosas.<\/p>\n\n\n\n<p>En su intervenci\u00f3n, el presidente Municipal de Huaquechula, Ra\u00fal Mar\u00edn Espinoza, reiter\u00f3 la invitaci\u00f3n para que las personas sean parte de esta actividad, \u201cque no es una feria, es una tradici\u00f3n viva que este a\u00f1o se llevar\u00e1 a cabo los d\u00edas 28 y 31 de octubre, as\u00ed como el 1 y 2 de noviembre\u201d.<\/p>\n\n\n\n<p>Por el D\u00eda de Muertos, se contar\u00e1 con 29 ofrendas monumentales. Asimismo, se realizar\u00e1 un ritual de bienvenida de las \u00e1nimas, el paseo del sol y el sendero de las \u00e1nimas.<\/p>\n\n\n\n<p>Al respecto, el cronista del municipio, Silverio Reyes Sarmiento, expres\u00f3 la importancia de preservar y compartir las tradiciones que ense\u00f1an los padres y abuelos para recordar a los fieles difuntos.<\/p>\n\n\n\n<p>\u201cPor eso Huaquechula va m\u00e1s all\u00e1 de los altares monumentales, porque es un momento donde podemos encontrar la convivencia entre vivos y muertos; es volver a traer a nuestros seres queridos desde el coraz\u00f3n\u201d, afirm\u00f3.<\/p>\n","protected":false},"excerpt":{"rendered":"<p>Desde el Congreso del Estado, la diputada Azucena Rosas Tapia y el presidente Municipal de Huaquechula, Ra\u00fal Mar\u00edn Espinoza, invitaron a la poblaci\u00f3n para que acuda a visitar los Altares Monumentales de Huaquechula 2025. En el marco de la conmemoraci\u00f3n de los 28 a\u00f1os como Patrimonio Cultural del Estado de Puebla, los altares monumentales contin\u00faan [&hellip;]<\/p>\n","protected":false},"author":1,"featured_media":70706,"comment_status":"open","ping_status":"open","sticky":false,"template":"","format":"standard","meta":{"om_disable_all_campaigns":false,"_monsterinsights_skip_tracking":false,"_monsterinsights_sitenote_active":false,"_monsterinsights_sitenote_note":"","_monsterinsights_sitenote_category":0,"footnotes":""},"categories":[175],"tags":[227],"class_list":["post-70705","post","type-post","status-publish","format-standard","has-post-thumbnail","hentry","category-local","tag-congreso"],"amp_enabled":true,"_links":{"self":[{"href":"https:\/\/lahora.mx\/index.php\/wp-json\/wp\/v2\/posts\/70705","targetHints":{"allow":["GET"]}}],"collection":[{"href":"https:\/\/lahora.mx\/index.php\/wp-json\/wp\/v2\/posts"}],"about":[{"href":"https:\/\/lahora.mx\/index.php\/wp-json\/wp\/v2\/types\/post"}],"author":[{"embeddable":true,"href":"https:\/\/lahora.mx\/index.php\/wp-json\/wp\/v2\/users\/1"}],"replies":[{"embeddable":true,"href":"https:\/\/lahora.mx\/index.php\/wp-json\/wp\/v2\/comments?post=70705"}],"version-history":[{"count":1,"href":"https:\/\/lahora.mx\/index.php\/wp-json\/wp\/v2\/posts\/70705\/revisions"}],"predecessor-version":[{"id":70707,"href":"https:\/\/lahora.mx\/index.php\/wp-json\/wp\/v2\/posts\/70705\/revisions\/70707"}],"wp:featuredmedia":[{"embeddable":true,"href":"https:\/\/lahora.mx\/index.php\/wp-json\/wp\/v2\/media\/70706"}],"wp:attachment":[{"href":"https:\/\/lahora.mx\/index.php\/wp-json\/wp\/v2\/media?parent=70705"}],"wp:term":[{"taxonomy":"category","embeddable":true,"href":"https:\/\/lahora.mx\/index.php\/wp-json\/wp\/v2\/categories?post=70705"},{"taxonomy":"post_tag","embeddable":true,"href":"https:\/\/lahora.mx\/index.php\/wp-json\/wp\/v2\/tags?post=70705"}],"curies":[{"name":"wp","href":"https:\/\/api.w.org\/{rel}","templated":true}]}}