{"id":70702,"date":"2025-10-14T22:13:24","date_gmt":"2025-10-14T22:13:24","guid":{"rendered":"https:\/\/lahora.mx\/?p=70702"},"modified":"2025-11-03T22:26:51","modified_gmt":"2025-11-03T22:26:51","slug":"aprueba-comision-del-congreso-reformas-para-que-elementos-de-seguridad-privada-sean-capacitados-y-evaluados","status":"publish","type":"post","link":"https:\/\/lahora.mx\/index.php\/2025\/10\/14\/aprueba-comision-del-congreso-reformas-para-que-elementos-de-seguridad-privada-sean-capacitados-y-evaluados\/","title":{"rendered":"Aprueba Comisi\u00f3n del Congreso reformas para que elementos de seguridad privada sean capacitados y evaluados"},"content":{"rendered":"\n<p>La Comisi\u00f3n de Seguridad P\u00fablica del Congreso aprob\u00f3 el proyecto de dictamen por el que se reforman, adicionan y derogan diversas disposiciones de la Ley de Seguridad Privada del Estado, con la finalidad de establecer que los elementos de estas corporaciones sean capacitados y evaluados.<\/p>\n\n\n\n<p>Con las modificaciones impulsadas por el titular del Ejecutivo se promueve la unificaci\u00f3n de la capacitaci\u00f3n y adiestramiento de los elementos operativos de seguridad privada, a trav\u00e9s de la Universidad de las Ciencias Policiales y de la Seguridad del Estado de Puebla o de la dependencia o entidad correspondiente.<\/p>\n\n\n\n<p>Tambi\u00e9n, se establece como requisito de ingreso y permanencia del personal operativo de seguridad privada la presentaci\u00f3n de la evaluaci\u00f3n de control de confianza. Los prestadores de servicios tendr\u00e1n que gestionarlas de forma peri\u00f3dica y, en caso de no resultar aprobatorias, deber\u00e1n remitir dentro de los tres d\u00edas posteriores la documentaci\u00f3n que acredite las bajas correspondientes.<\/p>\n\n\n\n<p>De igual forma, ser\u00e1 un requisito que los prestadores de servicios que acrediten mediante constancia expedida por instancia p\u00fablica, que el personal de traslado de valores o bienes, o cualquier otro que requiera el uso de arma de fuego, cuente con capacitaci\u00f3n en adiestramiento para el manejo de armamento, as\u00ed como con cursos de tiro con arma corta y larga.<\/p>\n\n\n\n<p>Respecto a la imposici\u00f3n de sanciones por incumplimiento de obligaciones o requisitos por parte de los prestadores de servicios, se considerar\u00e1 como reincidencia cuando ocurra m\u00e1s de una vez dentro de un t\u00e9rmino de tres meses. Las multas ser\u00e1n impuestas por la Secretar\u00eda de Seguridad P\u00fablica, a trav\u00e9s de la Direcci\u00f3n General de Seguridad P\u00fablica.<\/p>\n\n\n\n<p>La diputada Beatriz Manrique Guevara present\u00f3 una propuesta reformatoria para precisar que la Secretar\u00eda de Seguridad P\u00fablica ser\u00e1 la autoridad responsable para la aplicaci\u00f3n de los supuestos de la Ley; su planteamiento fue avalado por unanimidad.<\/p>\n\n\n\n<p>Durante la sesi\u00f3n, tambi\u00e9n se aprob\u00f3 un acuerdo elaborado con las propuestas legislativas de los diputados Miguel M\u00e1rquez R\u00edos y Marcos Castro Mart\u00ednez, as\u00ed como de la diputada Xel Arianna Hern\u00e1ndez Garc\u00eda.<\/p>\n\n\n\n<p>A trav\u00e9s de \u00e9ste, se exhorta a la Secretar\u00eda de Seguridad P\u00fablica del Estado y a la Secretar\u00eda de Seguridad Ciudadana del municipio de Puebla para que, de manera conjunta y en el \u00e1mbito de su competencia, refuercen de manera integral la prevenci\u00f3n, combate y disminuci\u00f3n de la incidencia delictiva en la entidad, con especial atenci\u00f3n en las zonas de los Distritos Locales Segundo y D\u00e9cimo Primero, respectivamente.<\/p>\n\n\n\n<p>En la sesi\u00f3n estuvieron presentes los diputados Andr\u00e9s Iv\u00e1n Villegas Mendoza y Jos\u00e9 Luis Figueroa Cort\u00e9s, as\u00ed como las diputadas Beatriz Manrique Guevara y Delfina Pozos Vergara.<\/p>\n","protected":false},"excerpt":{"rendered":"<p>La Comisi\u00f3n de Seguridad P\u00fablica del Congreso aprob\u00f3 el proyecto de dictamen por el que se reforman, adicionan y derogan diversas disposiciones de la Ley de Seguridad Privada del Estado, con la finalidad de establecer que los elementos de estas corporaciones sean capacitados y evaluados. Con las modificaciones impulsadas por el titular del Ejecutivo se [&hellip;]<\/p>\n","protected":false},"author":1,"featured_media":70703,"comment_status":"open","ping_status":"open","sticky":false,"template":"","format":"standard","meta":{"om_disable_all_campaigns":false,"_monsterinsights_skip_tracking":false,"_monsterinsights_sitenote_active":false,"_monsterinsights_sitenote_note":"","_monsterinsights_sitenote_category":0,"footnotes":""},"categories":[175],"tags":[227],"class_list":["post-70702","post","type-post","status-publish","format-standard","has-post-thumbnail","hentry","category-local","tag-congreso"],"amp_enabled":true,"_links":{"self":[{"href":"https:\/\/lahora.mx\/index.php\/wp-json\/wp\/v2\/posts\/70702","targetHints":{"allow":["GET"]}}],"collection":[{"href":"https:\/\/lahora.mx\/index.php\/wp-json\/wp\/v2\/posts"}],"about":[{"href":"https:\/\/lahora.mx\/index.php\/wp-json\/wp\/v2\/types\/post"}],"author":[{"embeddable":true,"href":"https:\/\/lahora.mx\/index.php\/wp-json\/wp\/v2\/users\/1"}],"replies":[{"embeddable":true,"href":"https:\/\/lahora.mx\/index.php\/wp-json\/wp\/v2\/comments?post=70702"}],"version-history":[{"count":1,"href":"https:\/\/lahora.mx\/index.php\/wp-json\/wp\/v2\/posts\/70702\/revisions"}],"predecessor-version":[{"id":70704,"href":"https:\/\/lahora.mx\/index.php\/wp-json\/wp\/v2\/posts\/70702\/revisions\/70704"}],"wp:featuredmedia":[{"embeddable":true,"href":"https:\/\/lahora.mx\/index.php\/wp-json\/wp\/v2\/media\/70703"}],"wp:attachment":[{"href":"https:\/\/lahora.mx\/index.php\/wp-json\/wp\/v2\/media?parent=70702"}],"wp:term":[{"taxonomy":"category","embeddable":true,"href":"https:\/\/lahora.mx\/index.php\/wp-json\/wp\/v2\/categories?post=70702"},{"taxonomy":"post_tag","embeddable":true,"href":"https:\/\/lahora.mx\/index.php\/wp-json\/wp\/v2\/tags?post=70702"}],"curies":[{"name":"wp","href":"https:\/\/api.w.org\/{rel}","templated":true}]}}