{"id":70693,"date":"2025-10-22T21:28:45","date_gmt":"2025-10-22T21:28:45","guid":{"rendered":"https:\/\/lahora.mx\/?p=70693"},"modified":"2025-11-03T21:29:59","modified_gmt":"2025-11-03T21:29:59","slug":"aprueban-en-comisiones-reformas-para-reconocer-derechos-laborales-y-de-seguridad-social-a-pescadores","status":"publish","type":"post","link":"https:\/\/lahora.mx\/index.php\/2025\/10\/22\/aprueban-en-comisiones-reformas-para-reconocer-derechos-laborales-y-de-seguridad-social-a-pescadores\/","title":{"rendered":"Aprueban en comisiones reformas para reconocer derechos laborales y de seguridad social a pescadores"},"content":{"rendered":"\n<p>Con el objetivo de saldar una deuda hist\u00f3rica con quienes viven del mar y la pesca, las Comisiones Unidas de Seguridad Social y de Trabajo y Previsi\u00f3n Social de la C\u00e1mara de Diputados, aprobaron el dictamen que reforma la Ley Federal del Trabajo y la Ley del Seguro Social para reconocer expresamente a las personas pescadoras como parte del sector agr\u00edcola y, por tanto, con derecho a seguridad social.<\/p>\n\n\n\n<p>La propuesta, presentada originalmente por la diputada Azucena Arreola Trinidad e integrantes de la Comisi\u00f3n de Pesca, modifica los art\u00edculos 279 de la Ley Federal del Trabajo y 5-A fracci\u00f3n XIX y 235 de la Ley del Seguro Social, incorporando el t\u00e9rmino \u201cpesqueras\u201d para eliminar vac\u00edos legales y garantizar la protecci\u00f3n laboral y m\u00e9dica de miles de trabajadores que, hasta ahora, permanec\u00edan en la informalidad.<\/p>\n\n\n\n<p>De acuerdo con datos del INEGI, en M\u00e9xico existen m\u00e1s de 216 mil personas ocupadas en el sector pesquero, de las cuales el 92.9 % son hombres y el 7.1 % mujeres, con un salario promedio de 7 mil pesos mensuales.<\/p>\n\n\n\n<p>No obstante, m\u00e1s del 86 % labora en la informalidad, sin acceso a servicios m\u00e9dicos, pensiones o incapacidades, pese a que su labor es esencial para la alimentaci\u00f3n y el desarrollo regional.<\/p>\n\n\n\n<p>\u201cCon esta reforma, avanzamos en justicia laboral. Se reconoce el esfuerzo de quienes trabajan en el mar y las costas, y se da un paso firme hacia la universalidad de la seguridad social\u201d, destac\u00f3 la presidenta de la Comisi\u00f3n de Trabajo y Previsi\u00f3n Social, Maiella G\u00f3mez Maldonado.<\/p>\n\n\n\n<p>El dictamen tambi\u00e9n fortalece el principio de progresividad de los derechos humanos, conforme al art\u00edculo 1\u00b0 constitucional, y se alinea con los est\u00e1ndares internacionales de la OIT, que promueven condiciones seguras y dignas para los trabajadores del mar.<\/p>\n\n\n\n<p>La reforma est\u00e1 en concordancia con el Compromiso 63 del Proyecto de Naci\u00f3n de la presidenta Claudia Sheinbaum Pardo, que busca ampliar la seguridad social a jornaleros agr\u00edcolas y pescadores.<\/p>\n\n\n\n<p>\u201cNo se trata solo de una modificaci\u00f3n legal, sino de un acto de justicia social: pasar de la vulnerabilidad a la protecci\u00f3n, de la incertidumbre a la dignidad\u201d, concluy\u00f3 Maiella G\u00f3mez.<\/p>\n","protected":false},"excerpt":{"rendered":"<p>Con el objetivo de saldar una deuda hist\u00f3rica con quienes viven del mar y la pesca, las Comisiones Unidas de Seguridad Social y de Trabajo y Previsi\u00f3n Social de la C\u00e1mara de Diputados, aprobaron el dictamen que reforma la Ley Federal del Trabajo y la Ley del Seguro Social para reconocer expresamente a las personas [&hellip;]<\/p>\n","protected":false},"author":1,"featured_media":70694,"comment_status":"open","ping_status":"open","sticky":false,"template":"","format":"standard","meta":{"om_disable_all_campaigns":false,"_monsterinsights_skip_tracking":false,"_monsterinsights_sitenote_active":false,"_monsterinsights_sitenote_note":"","_monsterinsights_sitenote_category":0,"footnotes":""},"categories":[175],"tags":[227,223],"class_list":["post-70693","post","type-post","status-publish","format-standard","has-post-thumbnail","hentry","category-local","tag-congreso","tag-puebla"],"amp_enabled":true,"_links":{"self":[{"href":"https:\/\/lahora.mx\/index.php\/wp-json\/wp\/v2\/posts\/70693","targetHints":{"allow":["GET"]}}],"collection":[{"href":"https:\/\/lahora.mx\/index.php\/wp-json\/wp\/v2\/posts"}],"about":[{"href":"https:\/\/lahora.mx\/index.php\/wp-json\/wp\/v2\/types\/post"}],"author":[{"embeddable":true,"href":"https:\/\/lahora.mx\/index.php\/wp-json\/wp\/v2\/users\/1"}],"replies":[{"embeddable":true,"href":"https:\/\/lahora.mx\/index.php\/wp-json\/wp\/v2\/comments?post=70693"}],"version-history":[{"count":1,"href":"https:\/\/lahora.mx\/index.php\/wp-json\/wp\/v2\/posts\/70693\/revisions"}],"predecessor-version":[{"id":70695,"href":"https:\/\/lahora.mx\/index.php\/wp-json\/wp\/v2\/posts\/70693\/revisions\/70695"}],"wp:featuredmedia":[{"embeddable":true,"href":"https:\/\/lahora.mx\/index.php\/wp-json\/wp\/v2\/media\/70694"}],"wp:attachment":[{"href":"https:\/\/lahora.mx\/index.php\/wp-json\/wp\/v2\/media?parent=70693"}],"wp:term":[{"taxonomy":"category","embeddable":true,"href":"https:\/\/lahora.mx\/index.php\/wp-json\/wp\/v2\/categories?post=70693"},{"taxonomy":"post_tag","embeddable":true,"href":"https:\/\/lahora.mx\/index.php\/wp-json\/wp\/v2\/tags?post=70693"}],"curies":[{"name":"wp","href":"https:\/\/api.w.org\/{rel}","templated":true}]}}