{"id":70690,"date":"2025-10-23T21:26:19","date_gmt":"2025-10-23T21:26:19","guid":{"rendered":"https:\/\/lahora.mx\/?p=70690"},"modified":"2025-11-03T21:28:40","modified_gmt":"2025-11-03T21:28:40","slug":"designa-lxii-legislatura-al-diputado-pavel-gaspar-como-presidente-de-la-junta-de-gobierno-y-coordinacion-politica","status":"publish","type":"post","link":"https:\/\/lahora.mx\/index.php\/2025\/10\/23\/designa-lxii-legislatura-al-diputado-pavel-gaspar-como-presidente-de-la-junta-de-gobierno-y-coordinacion-politica\/","title":{"rendered":"Designa LXII Legislatura al diputado P\u00e1vel Gaspar como presidente de la Junta de Gobierno y Coordinaci\u00f3n Pol\u00edtica\u00a0"},"content":{"rendered":"\n<p>Por unanimidad de votos, el Pleno de la LXII Legislatura aval\u00f3 el acuerdo para designar al diputado P\u00e1vel Gaspar Ram\u00edrez como presidente de la Junta de Gobierno y Coordinaci\u00f3n Pol\u00edtica del Congreso del Estado.<\/p>\n\n\n\n<p>En su mensaje, el diputado presidente destac\u00f3 que, desde el Poder Legislativo, se promover\u00e1 el respeto, austeridad, vocaci\u00f3n de servicio y esp\u00edritu republicano, pues corresponde honrar el legado de las luchas que anteceden a las y los diputados, para contar con instituciones justas.<\/p>\n\n\n\n<p>\u201cQuiero decirles que en este Congreso va a haber siempre di\u00e1logo, apertura, consenso, para que podamos, desde esta LXII Legislatura, llegar a buen fin en beneficio de las y los poblanos\u201d, expres\u00f3.<\/p>\n\n\n\n<p>Adem\u00e1s, en sesi\u00f3n ordinaria, la ciudadana Elisa Lim\u00f3n Balderr\u00e1bano rindi\u00f3 protesta constitucional como diputada integrante de la LXII Legislatura del Poder Legislativo.<\/p>\n\n\n\n<p>AVALAN INICIATIVAS Y PUNTOS DE ACUERDO EN MATERIA DE CULTURA Y PROTECCI\u00d3N DE DERECHOS<\/p>\n\n\n\n<p>Por otra parte, el Pleno aprob\u00f3 el dictamen para reformar la Ley de Cultura del Estado de Puebla, con el objetivo de regular las acciones de las autoridades estatales y municipales para facilitar y garantizar el disfrute, preservaci\u00f3n, promoci\u00f3n, difusi\u00f3n y recreaci\u00f3n de la cultura en sus manifestaciones art\u00edsticas, artesanales, costumbres y tradiciones populares. As\u00ed como promover el arte y cultura del estado, a nivel nacional e internacional.<\/p>\n\n\n\n<p>Adem\u00e1s, promover la participaci\u00f3n de los individuos, grupos y organizaciones privadas en la preservaci\u00f3n, promoci\u00f3n, fomento, difusi\u00f3n e investigaci\u00f3n de la cultura, en apoyo a la producci\u00f3n, financiamiento y distribuci\u00f3n de bienes culturales o la prestaci\u00f3n de servicios relacionados.<\/p>\n\n\n\n<p>Mediante la propuesta, se reforman las fracciones III y IV y se adiciona la fracci\u00f3n V al art\u00edculo 1 de la Ley de Cultura del Estado de Puebla.<\/p>\n\n\n\n<p>En otro momento de la sesi\u00f3n, las y los diputados avalaron el acuerdo para exhortar a la Direcci\u00f3n General del Registro del Estado Civil de las Personas, a verificar que las anotaciones marginales se inscriban correctamente en el libro original, el duplicado respectivo, as\u00ed como en la Plataforma Nacional de Actas de Nacimiento y, en caso de detectar inconsistencias en dichas anotaciones, implemente de manera inmediata las acciones para su correcci\u00f3n, sin cobro alguno de derechos para los y las ciudadanas.<\/p>\n\n\n\n<p>Al respecto, la diputada Leonela Jazm\u00edn Mart\u00ednez Ayala se\u00f1al\u00f3 que con este acuerdo se pretende garantizar el derecho a la identidad y certeza jur\u00eddica, ya que las y los ciudadanos no deben hacer una inversi\u00f3n para cambios o rectificaciones de sus documentos, cuando se trata de un error administrativo.<\/p>\n\n\n\n<p>Tambi\u00e9n, se aprob\u00f3 el acuerdo para exhortar a la Procuradur\u00eda Federal del Consumidor, Delegaci\u00f3n Puebla, a que implemente operativos en las zonas afectadas por la tormenta tropical \u201cJerry\u201d, para vigilar y garantizar que los comercios, gasolineras, distribuidoras de gas LP, tiendas de abarrotes, proveedores y dem\u00e1s prestadores de bienes y servicios no incurran en aumentos desproporcionados e injustificados, aprovech\u00e1ndose de la situaci\u00f3n de emergencia existente, as\u00ed como para que, en su caso, imponga las sanciones correspondientes en t\u00e9rminos de Ley.<\/p>\n\n\n\n<p>En su posicionamiento, la diputada Laura Guadalupe Vargas Vargas se\u00f1al\u00f3 que, durante la emergencia, autoridades de los diferentes niveles de gobierno han desplegado acciones de apoyo; no obstante, es necesario que las y los proveedores de distintos productos y servicios act\u00faen con responsabilidad.<\/p>\n\n\n\n<p>En otro momento, el Pleno aval\u00f3 el acuerdo para exhortar a la Comisi\u00f3n de Derechos Humanos del Estado a que, en coordinaci\u00f3n con la Secretar\u00eda de Gobernaci\u00f3n Estatal, elabore y difunda un protocolo de actuaci\u00f3n para la prevenci\u00f3n, protecci\u00f3n y atenci\u00f3n de las personas defensoras de derechos humanos y periodistas, en apego al marco normativo nacional e internacional.<\/p>\n\n\n\n<p>Sobre el tema, el diputado Roberto Zatar\u00e1in Leal se\u00f1al\u00f3 que este exhorto nace de la problem\u00e1tica a la que se enfrentan periodistas y personas defensoras de derechos humanos, ante la incidencia de agresiones en su contra y los riesgos que corren por alzar la voz. En este sentido, es necesario contar con un protocolo que permita la articulaci\u00f3n de autoridades para atender a este grupo.<\/p>\n\n\n\n<p>Las y los diputados de la LXII Legislatura aprobaron el acuerdo para exhortar a la Secretar\u00eda de Desarrollo Econ\u00f3mico y Trabajo a que, en coordinaci\u00f3n con los Ayuntamientos y los Concejos Municipales del Estado, promuevan e impulsen programas de capacitaci\u00f3n, desarrollo y apoyos dirigidos al fortalecimiento de la industria textil en la entidad, con el fin de detonar el crecimiento de este sector econ\u00f3mico, as\u00ed como preservar y difundir la tradici\u00f3n artesanal de los deshilados poblanos como patrimonio cultural regional.<\/p>\n\n\n\n<p>Durante su intervenci\u00f3n, el diputado Rosal\u00edo Zanatta Vidaurri se\u00f1al\u00f3 que el sector textil es uno de los m\u00e1s relevantes en la econom\u00eda, por lo que representa en la generaci\u00f3n de empleos y en el Producto Interno Bruto.<\/p>\n\n\n\n<p>El Congreso del Estado tambi\u00e9n aval\u00f3 el acuerdo para exhortar a la Secretar\u00eda de Medio Ambiente, Desarrollo Sustentable y Ordenamiento Territorial del Estado a que, en coordinaci\u00f3n con los Ayuntamientos y Concejos Municipales, verifique el cumplimiento de la prohibici\u00f3n de la entrega de bolsas pl\u00e1sticas y, en su caso, apliquen las sanciones correspondientes.<\/p>\n\n\n\n<p>Adem\u00e1s de dise\u00f1ar y difundir campa\u00f1as de concientizaci\u00f3n ciudadana que promuevan el uso de alternativas sustentables y el abandono definitivo de pl\u00e1sticos y otros materiales desechables.<\/p>\n\n\n\n<p>En su intervenci\u00f3n, la diputada Beatriz Manrique Guevara indic\u00f3 que este exhorto representa la posibilidad de consolidar una cultura ambiental orientada a la reducci\u00f3n, re\u00faso y reciclaje, con mayor sustentabilidad.<\/p>\n\n\n\n<p>PRESENTAN INICIATIVAS EN MATERIA DE DEPORTE Y CULTURA<\/p>\n\n\n\n<p>El diputado Jos\u00e9 Luis Figueroa Cort\u00e9s present\u00f3 una iniciativa para reformar el art\u00edculo 28 de la Ley Estatal del Deporte, con el prop\u00f3sito de fortalecer la \u00e9tica, la disciplina y la responsabilidad social de las y los deportistas, promoviendo el deporte como una herramienta de formaci\u00f3n integral, de desarrollo humano y de construcci\u00f3n de ciudadan\u00eda.<\/p>\n\n\n\n<p>A su vez, se actualizan las obligaciones contenidas en la Ley Estatal del Deporte, a fin de consolidar un marco normativo moderno y coherente que impulse la pr\u00e1ctica deportiva responsable, la prevenci\u00f3n del dopaje y la protecci\u00f3n de los derechos humanos, la privacidad y la dignidad de quienes representan al Estado en el \u00e1mbito deportivo.<\/p>\n\n\n\n<p>El legislador tambi\u00e9n present\u00f3 un punto de acuerdo por el que exhorta a las personas titulares de las Secretar\u00edas de Deporte y Juventud, Salud y Educaci\u00f3n P\u00fablica del Gobierno del Estado de Puebla para que dise\u00f1en, implementen y fortalezcan campa\u00f1as permanentes de prevenci\u00f3n, sensibilizaci\u00f3n y concientizaci\u00f3n sobre el uso de sustancias prohibidas y pr\u00e1cticas de dopaje en el deporte, promoviendo con ello la formaci\u00f3n en valores, el juego limpio, la salud f\u00edsica y mental, as\u00ed como el inter\u00e9s superior de la ni\u00f1ez y de las juventudes poblanas.<\/p>\n\n\n\n<p>Ambas propuestas legislativas fueron turnadas a la Comisi\u00f3n de Juventud y Deporte para su estudio y resoluci\u00f3n procedente.<\/p>\n\n\n\n<p>La diputada Esther Mart\u00ednez Romano present\u00f3 un punto de acuerdo por el que exhorta a la Secretar\u00eda de Arte y Cultura para que, en el \u00e1mbito de sus atribuciones, retome y concluya el procedimiento correspondiente a fin de declarar los bordados y textiles de Hueyapan como Patrimonio Cultural Intangible del Estado de Puebla.<\/p>\n\n\n\n<p>La propuesta legislativa fue enviada a la Comisi\u00f3n de Cultura para su estudio y resoluci\u00f3n procedente.<\/p>\n","protected":false},"excerpt":{"rendered":"<p>Por unanimidad de votos, el Pleno de la LXII Legislatura aval\u00f3 el acuerdo para designar al diputado P\u00e1vel Gaspar Ram\u00edrez como presidente de la Junta de Gobierno y Coordinaci\u00f3n Pol\u00edtica del Congreso del Estado. En su mensaje, el diputado presidente destac\u00f3 que, desde el Poder Legislativo, se promover\u00e1 el respeto, austeridad, vocaci\u00f3n de servicio y [&hellip;]<\/p>\n","protected":false},"author":1,"featured_media":70691,"comment_status":"open","ping_status":"open","sticky":false,"template":"","format":"standard","meta":{"om_disable_all_campaigns":false,"_monsterinsights_skip_tracking":false,"_monsterinsights_sitenote_active":false,"_monsterinsights_sitenote_note":"","_monsterinsights_sitenote_category":0,"footnotes":""},"categories":[175],"tags":[227],"class_list":["post-70690","post","type-post","status-publish","format-standard","has-post-thumbnail","hentry","category-local","tag-congreso"],"amp_enabled":true,"_links":{"self":[{"href":"https:\/\/lahora.mx\/index.php\/wp-json\/wp\/v2\/posts\/70690","targetHints":{"allow":["GET"]}}],"collection":[{"href":"https:\/\/lahora.mx\/index.php\/wp-json\/wp\/v2\/posts"}],"about":[{"href":"https:\/\/lahora.mx\/index.php\/wp-json\/wp\/v2\/types\/post"}],"author":[{"embeddable":true,"href":"https:\/\/lahora.mx\/index.php\/wp-json\/wp\/v2\/users\/1"}],"replies":[{"embeddable":true,"href":"https:\/\/lahora.mx\/index.php\/wp-json\/wp\/v2\/comments?post=70690"}],"version-history":[{"count":1,"href":"https:\/\/lahora.mx\/index.php\/wp-json\/wp\/v2\/posts\/70690\/revisions"}],"predecessor-version":[{"id":70692,"href":"https:\/\/lahora.mx\/index.php\/wp-json\/wp\/v2\/posts\/70690\/revisions\/70692"}],"wp:featuredmedia":[{"embeddable":true,"href":"https:\/\/lahora.mx\/index.php\/wp-json\/wp\/v2\/media\/70691"}],"wp:attachment":[{"href":"https:\/\/lahora.mx\/index.php\/wp-json\/wp\/v2\/media?parent=70690"}],"wp:term":[{"taxonomy":"category","embeddable":true,"href":"https:\/\/lahora.mx\/index.php\/wp-json\/wp\/v2\/categories?post=70690"},{"taxonomy":"post_tag","embeddable":true,"href":"https:\/\/lahora.mx\/index.php\/wp-json\/wp\/v2\/tags?post=70690"}],"curies":[{"name":"wp","href":"https:\/\/api.w.org\/{rel}","templated":true}]}}