{"id":70687,"date":"2025-10-24T21:24:18","date_gmt":"2025-10-24T21:24:18","guid":{"rendered":"https:\/\/lahora.mx\/?p=70687"},"modified":"2025-11-03T21:26:15","modified_gmt":"2025-11-03T21:26:15","slug":"promueve-voluntariado-del-congreso-del-estado-tradicion-del-dia-de-muertos","status":"publish","type":"post","link":"https:\/\/lahora.mx\/index.php\/2025\/10\/24\/promueve-voluntariado-del-congreso-del-estado-tradicion-del-dia-de-muertos\/","title":{"rendered":"Promueve Voluntariado del Congreso del Estado tradici\u00f3n del \u201cD\u00eda de Muertos\u201d"},"content":{"rendered":"\n<p>Con la finalidad de preservar, valorar y promover la tradici\u00f3n mexicana del \u201cD\u00eda de Muertos\u201d, que es Patrimonio Cultural Intangible de la Humanidad por la UNESCO, el Voluntariado del Congreso del Estado llev\u00f3 a cabo, en la sede del Poder Legislativo, la exhibici\u00f3n de ofrendas, catrinas y el concierto especial de voces.<\/p>\n\n\n\n<p>Durante este evento, la titular del Voluntariado del Congreso del Estado, Minerva Garc\u00eda Ch\u00e1vez destac\u00f3 la importancia de promover este tipo de actividades que permiten fomentar nuestras ra\u00edces y cultura.<\/p>\n\n\n\n<p>La exhibici\u00f3n consta de tres ofrendas. La primera dedicada a Sor Juana In\u00e9s de la Cruz, la cual fue presentada por la Asociaci\u00f3n de Universidades e Instituciones de Educaci\u00f3n Media Superior y Superior y el Instituto de Ciencias Jur\u00eddicas de Puebla. La segunda ofrenda en honor de los seres sintientes Frida y Proteo, elaborada por el Movimiento Animalista, y la tercera ofrenda dedicada a las mujeres ind\u00edgenas, la cual fue realizada por el Centro Escolar Ni\u00f1os H\u00e9roes de Chapultepec (CENHCH).<\/p>\n\n\n\n<p>Durante el recorrido, la primera ofrenda la present\u00f3 el director del Instituto de Ciencias Jur\u00eddicas de Puebla, Germ\u00e1n Molina Carrillo, quien destac\u00f3 la obra de la escritora Sor Juana In\u00e9s de la Cruz, una de las grandes exponentes del Siglo de Oro de la literatura en espa\u00f1ol.<\/p>\n\n\n\n<p>La exposici\u00f3n de la segunda ofrenda estuvo a cargo de la activista del Movimiento Animalista, Silvia Guadalupe Jim\u00e9nez Arag\u00f3n. En su explicaci\u00f3n se\u00f1al\u00f3 que la ofrenda est\u00e1 dedicada a los h\u00e9roes de cuatro patas, rescatistas de la Marina, que a trav\u00e9s de su entrenamiento salvaron muchas vidas en situaci\u00f3n de desastre.<\/p>\n\n\n\n<p>La tercera ofrenda fue presentada por la maestra del CENHCH, Gabriela Guti\u00e9rrez S\u00e1nchez, quien dio a conocer la importancia del papel de las mujeres ind\u00edgenas, en el pasado y el presente de nuestro pa\u00eds.<\/p>\n\n\n\n<p>Posterior a la presentaci\u00f3n de ofrendas se llev\u00f3 a cabo un concierto de voces con la soprano Cinthya Lad-Gue y el tenor Christian Kurt Arteaga S\u00e1nchez.<\/p>\n\n\n\n<p>En este evento tambi\u00e9n se cont\u00f3 con la presencia de la diputada Ana Laura G\u00f3mez Ram\u00edrez, el secretario General del Congreso, Julio Leopoldo de Lara Valera; el director general de Administraci\u00f3n y Finanzas del Congreso, Luis Antonio Mu\u00f1oz L\u00f3pez, as\u00ed como titulares de los Voluntariados del Gobierno del Estado.<\/p>\n","protected":false},"excerpt":{"rendered":"<p>Con la finalidad de preservar, valorar y promover la tradici\u00f3n mexicana del \u201cD\u00eda de Muertos\u201d, que es Patrimonio Cultural Intangible de la Humanidad por la UNESCO, el Voluntariado del Congreso del Estado llev\u00f3 a cabo, en la sede del Poder Legislativo, la exhibici\u00f3n de ofrendas, catrinas y el concierto especial de voces. Durante este evento, [&hellip;]<\/p>\n","protected":false},"author":1,"featured_media":70688,"comment_status":"open","ping_status":"open","sticky":false,"template":"","format":"standard","meta":{"om_disable_all_campaigns":false,"_monsterinsights_skip_tracking":false,"_monsterinsights_sitenote_active":false,"_monsterinsights_sitenote_note":"","_monsterinsights_sitenote_category":0,"footnotes":""},"categories":[175],"tags":[227],"class_list":["post-70687","post","type-post","status-publish","format-standard","has-post-thumbnail","hentry","category-local","tag-congreso"],"amp_enabled":true,"_links":{"self":[{"href":"https:\/\/lahora.mx\/index.php\/wp-json\/wp\/v2\/posts\/70687","targetHints":{"allow":["GET"]}}],"collection":[{"href":"https:\/\/lahora.mx\/index.php\/wp-json\/wp\/v2\/posts"}],"about":[{"href":"https:\/\/lahora.mx\/index.php\/wp-json\/wp\/v2\/types\/post"}],"author":[{"embeddable":true,"href":"https:\/\/lahora.mx\/index.php\/wp-json\/wp\/v2\/users\/1"}],"replies":[{"embeddable":true,"href":"https:\/\/lahora.mx\/index.php\/wp-json\/wp\/v2\/comments?post=70687"}],"version-history":[{"count":1,"href":"https:\/\/lahora.mx\/index.php\/wp-json\/wp\/v2\/posts\/70687\/revisions"}],"predecessor-version":[{"id":70689,"href":"https:\/\/lahora.mx\/index.php\/wp-json\/wp\/v2\/posts\/70687\/revisions\/70689"}],"wp:featuredmedia":[{"embeddable":true,"href":"https:\/\/lahora.mx\/index.php\/wp-json\/wp\/v2\/media\/70688"}],"wp:attachment":[{"href":"https:\/\/lahora.mx\/index.php\/wp-json\/wp\/v2\/media?parent=70687"}],"wp:term":[{"taxonomy":"category","embeddable":true,"href":"https:\/\/lahora.mx\/index.php\/wp-json\/wp\/v2\/categories?post=70687"},{"taxonomy":"post_tag","embeddable":true,"href":"https:\/\/lahora.mx\/index.php\/wp-json\/wp\/v2\/tags?post=70687"}],"curies":[{"name":"wp","href":"https:\/\/api.w.org\/{rel}","templated":true}]}}