{"id":70682,"date":"2025-10-27T21:22:18","date_gmt":"2025-10-27T21:22:18","guid":{"rendered":"https:\/\/lahora.mx\/?p=70682"},"modified":"2025-11-03T21:24:15","modified_gmt":"2025-11-03T21:24:15","slug":"congreso-de-puebla-signa-convenio-de-colaboracion-con-la-sociedad-espanola-de-beneficencia-de-puebla","status":"publish","type":"post","link":"https:\/\/lahora.mx\/index.php\/2025\/10\/27\/congreso-de-puebla-signa-convenio-de-colaboracion-con-la-sociedad-espanola-de-beneficencia-de-puebla\/","title":{"rendered":"Congreso de Puebla signa Convenio de Colaboraci\u00f3n con la Sociedad Espa\u00f1ola de Beneficencia de Puebla"},"content":{"rendered":"\n<p>El Congreso del Estado y la Sociedad Espa\u00f1ola de Beneficencia de Puebla realizaron una firma de convenio de colaboraci\u00f3n y reconocimiento especial, con la finalidad de fortalecer los lazos de colaboraci\u00f3n y acciones conjuntas en materia de salud, bienestar y responsabilidad social.<\/p>\n\n\n\n<p>Durante la firma del Convenio, el diputado P\u00e1vel Gaspar Ram\u00edrez, presidente de la Junta de Gobierno y Coordinaci\u00f3n Pol\u00edtica del Congreso del Estado, destac\u00f3 que el convenio de colaboraci\u00f3n se llev\u00f3 a cabo en el marco del 165 Aniversario de la Fundaci\u00f3n del Hospital de la Beneficencia Espa\u00f1ol.<\/p>\n\n\n\n<p>Al destacar la oportunidad para realizar una alianza interinstitucional que contribuya al mejoramiento y al fortalecimiento de la salud p\u00fablica, el diputado afirm\u00f3 que \u201cno se puede hablar de la ciudad de Puebla sin mencionar a la Beneficencia Espa\u00f1ola, que ha asistido a varias generaciones de poblanas y poblanos, en materia de salud\u201d, por lo que extern\u00f3 un reconocimiento a la instituci\u00f3n por sus 165 a\u00f1os de fundaci\u00f3n.<\/p>\n\n\n\n<p>Asimismo, al hacer uso de la palabra, la diputada Beatriz Manrique Guevara consider\u00f3 que la firma de un convenio siempre cobra relevancia porque es la suma de voluntades y capacidades de dos instituciones que, en este caso, permiten fortalecer y beneficiar a los y las trabajadoras del Congreso del Estado, as\u00ed como sumarse a la celebraci\u00f3n de la fundaci\u00f3n de la Beneficencia Espa\u00f1ola.<\/p>\n\n\n\n<p>Como parte de las actividades de este evento, el Congreso del Estado entreg\u00f3 un reconocimiento a la trayectoria de excelencia, compromiso e invaluable esfuerzo de todos quienes han formado parte de la instituci\u00f3n de salud.<\/p>\n\n\n\n<p>En su participaci\u00f3n, el presidente de la Sociedad Espa\u00f1ola de Beneficencia de Puebla, Francisco Ram\u00f3n Su\u00e1rez Bonet, agradeci\u00f3 el reconocimiento del Poder Legislativo a la labor de la Beneficencia Espa\u00f1ola, que atiende las necesidades de salud de las familias poblanas.<\/p>\n\n\n\n<p>A este evento asisti\u00f3 la diputada Ana Laura G\u00f3mez Ram\u00edrez y la titular de la Secretar\u00eda de Bienestar, Laura Artemisa Garc\u00eda Ch\u00e1vez, quien subray\u00f3 la importancia de trabajar en equipo por el bien de Puebla.<\/p>\n\n\n\n<p>Tambi\u00e9n se cont\u00f3 con la presencia del Secretario General del Congreso del Estado, Julio Leopoldo de Lara Valera y la titular del Voluntariado del Poder Legislativo, Minerva Garc\u00eda Ch\u00e1vez.<\/p>\n","protected":false},"excerpt":{"rendered":"<p>El Congreso del Estado y la Sociedad Espa\u00f1ola de Beneficencia de Puebla realizaron una firma de convenio de colaboraci\u00f3n y reconocimiento especial, con la finalidad de fortalecer los lazos de colaboraci\u00f3n y acciones conjuntas en materia de salud, bienestar y responsabilidad social. Durante la firma del Convenio, el diputado P\u00e1vel Gaspar Ram\u00edrez, presidente de la [&hellip;]<\/p>\n","protected":false},"author":1,"featured_media":70685,"comment_status":"open","ping_status":"open","sticky":false,"template":"","format":"standard","meta":{"om_disable_all_campaigns":false,"_monsterinsights_skip_tracking":false,"_monsterinsights_sitenote_active":false,"_monsterinsights_sitenote_note":"","_monsterinsights_sitenote_category":0,"footnotes":""},"categories":[175],"tags":[227],"class_list":["post-70682","post","type-post","status-publish","format-standard","has-post-thumbnail","hentry","category-local","tag-congreso"],"amp_enabled":true,"_links":{"self":[{"href":"https:\/\/lahora.mx\/index.php\/wp-json\/wp\/v2\/posts\/70682","targetHints":{"allow":["GET"]}}],"collection":[{"href":"https:\/\/lahora.mx\/index.php\/wp-json\/wp\/v2\/posts"}],"about":[{"href":"https:\/\/lahora.mx\/index.php\/wp-json\/wp\/v2\/types\/post"}],"author":[{"embeddable":true,"href":"https:\/\/lahora.mx\/index.php\/wp-json\/wp\/v2\/users\/1"}],"replies":[{"embeddable":true,"href":"https:\/\/lahora.mx\/index.php\/wp-json\/wp\/v2\/comments?post=70682"}],"version-history":[{"count":1,"href":"https:\/\/lahora.mx\/index.php\/wp-json\/wp\/v2\/posts\/70682\/revisions"}],"predecessor-version":[{"id":70686,"href":"https:\/\/lahora.mx\/index.php\/wp-json\/wp\/v2\/posts\/70682\/revisions\/70686"}],"wp:featuredmedia":[{"embeddable":true,"href":"https:\/\/lahora.mx\/index.php\/wp-json\/wp\/v2\/media\/70685"}],"wp:attachment":[{"href":"https:\/\/lahora.mx\/index.php\/wp-json\/wp\/v2\/media?parent=70682"}],"wp:term":[{"taxonomy":"category","embeddable":true,"href":"https:\/\/lahora.mx\/index.php\/wp-json\/wp\/v2\/categories?post=70682"},{"taxonomy":"post_tag","embeddable":true,"href":"https:\/\/lahora.mx\/index.php\/wp-json\/wp\/v2\/tags?post=70682"}],"curies":[{"name":"wp","href":"https:\/\/api.w.org\/{rel}","templated":true}]}}