{"id":70678,"date":"2025-10-29T21:21:22","date_gmt":"2025-10-29T21:21:22","guid":{"rendered":"https:\/\/lahora.mx\/?p=70678"},"modified":"2025-11-03T21:23:02","modified_gmt":"2025-11-03T21:23:02","slug":"promueve-diputada-guadalupe-vargas-iniciativa-para-fortalecer-proteccion-civil-en-municipios","status":"publish","type":"post","link":"https:\/\/lahora.mx\/index.php\/2025\/10\/29\/promueve-diputada-guadalupe-vargas-iniciativa-para-fortalecer-proteccion-civil-en-municipios\/","title":{"rendered":"Promueve diputada Guadalupe Vargas iniciativa para fortalecer protecci\u00f3n civil en municipios"},"content":{"rendered":"\n<p>La diputada Laura Guadalupe Vargas Vargas present\u00f3 una iniciativa para reformar y adicionar diversas disposiciones de la Ley del Sistema Estatal de Protecci\u00f3n Civil, con el objetivo de establecer que la coordinaci\u00f3n del Sistema Municipal tendr\u00e1 como atribuciones promover y garantizar la capacitaci\u00f3n, formaci\u00f3n y actualizaci\u00f3n continua del personal, as\u00ed como mantener actualizado y georreferenciado un inventario de equipo, maquinaria, fuentes de energ\u00eda, tomas de agua, albergues, cl\u00ednicas y dem\u00e1s relacionadas, para su disposici\u00f3n inmediata en caso de desastres naturales.<\/p>\n\n\n\n<p>La propuesta considera que la rapidez y la precisi\u00f3n en la movilizaci\u00f3n de recursos son factores importantes que determinan el m\u00ednimo de da\u00f1os y la salvaguarda de vidas durante un desastre, por lo que la falta de un inventario actualizado y de una log\u00edstica preestablecida puede generar retrasos fatales.<\/p>\n\n\n\n<p>La iniciativa, que propone reformar las fracciones XIII, XIV y adicionar la XV y XVI al art\u00edculo 53 de la Ley del Sistema Estatal de Protecci\u00f3n Civil, fue turnada a la Comisi\u00f3n de Protecci\u00f3n Civil, para su estudio correspondiente.<\/p>\n\n\n\n<p>Por otra parte, las diputadas Norma Estela Pimentel M\u00e9ndez, Mar\u00eda Fernanda De la Barreda Ang\u00f3n, Beatriz Manrique Guevara, Laura Guadalupe Vargas Vargas, Kathya S\u00e1nchez Rodr\u00edguez y los diputados Miguel M\u00e1rquez R\u00edos y Jaime Natale Uranga presentaron una iniciativa para reformar diversas disposiciones de la Constituci\u00f3n Pol\u00edtica del Estado de Puebla, con el objetivo de sustituir expresiones como \u00abel gobernador\u00bb, \u00abel magistrado\u00bb, \u00abel ciudadano\u00bb, entre otras, por t\u00e9rminos neutros e incluyentes como \u00abla persona titular del Poder Ejecutivo\u00bb, \u00ablas diputaciones\u00bb o \u00abla ciudadan\u00eda\u00bb. Con ello se avanza hacia un marco normativo con perspectiva de g\u00e9nero y una legislaci\u00f3n m\u00e1s accesible y democr\u00e1tica.<\/p>\n\n\n\n<p>La iniciativa fue turnada a la Comisi\u00f3n de Gobernaci\u00f3n y Puntos Constitucionales.<\/p>\n\n\n\n<p>En su momento, la diputada Delfina Pozos Vergara present\u00f3 una iniciativa para reformar y adicionar diversas disposiciones de la Ley para el Acceso de las Mujeres a una Vida Libre de Violencia del Estado de Puebla, y del C\u00f3digo Penal del Estado, con el objetivo de quitar el concepto de \u201cperjuicio\u201d de la definici\u00f3n de violencia vicaria, considerando la diferencia entre da\u00f1o y perjuicio desde el punto de vista doctrinal. Puesto que el perjuicio es la ganancia leg\u00edtima que se deja de obtener como consecuencia de un da\u00f1o. Es as\u00ed que el concepto de violencia vicaria hace referencia a da\u00f1o que ya incluye, en su caso, al perjuicio.<\/p>\n\n\n\n<p>La propuesta fue enviada a la Comisi\u00f3n de Procuraci\u00f3n y Administraci\u00f3n de Justicia, para su estudio procedente.<\/p>\n\n\n\n<p>Durante la sesi\u00f3n ordinaria, la Mesa Directiva dio cuenta de las siguientes iniciativas y puntos de acuerdo:<\/p>\n\n\n\n<p>-Iniciativa del diputado Jaime Alejandro Aurioles Barroeta para reformar y adicionar diversas disposiciones de la Ley de los Trabajadores al Servicio del Estado, y de la Ley de los Trabajadores al Servicio del Ayuntamiento del Municipio de Puebla, con la finalidad de que las madres o padres de personas menores de 16 a\u00f1os que han sido diagnosticadas con cualquier tipo de c\u00e1ncer, gozar\u00e1n de una licencia por cuidados m\u00e9dicos para sus hijas e hijos, con la intenci\u00f3n de que puedan acompa\u00f1arles en sus correspondientes tratamientos m\u00e9dicos o de hospitalizaci\u00f3n.<\/p>\n\n\n\n<p>La propuesta legislativa fue turnada a la Comisi\u00f3n de Trabajo, Competitividad y Previsi\u00f3n Social, para su estudio y resoluci\u00f3n correspondiente.<\/p>\n\n\n\n<p>-Iniciativa de la diputada Araceli Celestino Rosas para adicionar la Ley Org\u00e1nica de la Administraci\u00f3n P\u00fablica del Estado de Puebla, con el objetivo de dise\u00f1ar e implementar pol\u00edticas, programas y mecanismos integrales de prevenci\u00f3n, supervisi\u00f3n y alerta temprana frente a pr\u00e1cticas fraudulentas o irregulares relacionadas con ofertas laborales, dando prioridad a la protecci\u00f3n de grupos en situaci\u00f3n de vulnerabilidad, as\u00ed como garantizar el acceso a informaci\u00f3n clara, veraz y oportuna sobre oportunidades de empleo.<\/p>\n\n\n\n<p>La propuesta legislativa pretende adicionar las fracciones LXV Bis al art\u00edculo 35 y la XXXIII Bis al art\u00edculo 46 de la Ley Org\u00e1nica de la Administraci\u00f3n P\u00fablica del Estado de Puebla.<\/p>\n\n\n\n<p>Para su estudio y resoluci\u00f3n, la iniciativa fue turnada a la Comisi\u00f3n de Gobernaci\u00f3n y Puntos Constitucionales.<\/p>\n\n\n\n<p>-Iniciativa del diputado Julio Miguel Huerta G\u00f3mez para reformar la Ley que Establece los Procedimientos de Entrega-Recepci\u00f3n en los Poderes P\u00fablicos, Ayuntamientos, \u00d3rganos Constitucionalmente Aut\u00f3nomos y P\u00fablicos Paraestatales de la Administraci\u00f3n P\u00fablica del Estado de Puebla, con el objetivo de eliminar cualquier apariencia de parcialidad y asegurar que las responsabilidades de la entrega-recepci\u00f3n se determinen conforme a derecho, bajo la conducci\u00f3n de una autoridad imparcial, t\u00e9cnica y legalmente competente, como lo es el \u00d3rgano Interno de Control.<\/p>\n\n\n\n<p>Para su estudio y resoluci\u00f3n procedente, la iniciativa fue enviada a la Comisi\u00f3n de Control, Vigilancia y Evaluaci\u00f3n de la Auditor\u00eda Superior del Estado.<\/p>\n\n\n\n<p>-Punto de acuerdo del diputado Elpidio D\u00edaz Escobar para exhortar a los Ayuntamientos y a los Concejos Municipales a que ejecuten acciones coordinadas con la Secretar\u00eda de Salud para la atenci\u00f3n de jaur\u00edas y animales en situaci\u00f3n de calle. Se pretende reducir la incidencia de ataques de perros a humanos, sin que impliquen actos de maltrato o crueldad animal.<\/p>\n","protected":false},"excerpt":{"rendered":"<p>La diputada Laura Guadalupe Vargas Vargas present\u00f3 una iniciativa para reformar y adicionar diversas disposiciones de la Ley del Sistema Estatal de Protecci\u00f3n Civil, con el objetivo de establecer que la coordinaci\u00f3n del Sistema Municipal tendr\u00e1 como atribuciones promover y garantizar la capacitaci\u00f3n, formaci\u00f3n y actualizaci\u00f3n continua del personal, as\u00ed como mantener actualizado y georreferenciado [&hellip;]<\/p>\n","protected":false},"author":1,"featured_media":70680,"comment_status":"open","ping_status":"open","sticky":false,"template":"","format":"standard","meta":{"om_disable_all_campaigns":false,"_monsterinsights_skip_tracking":false,"_monsterinsights_sitenote_active":false,"_monsterinsights_sitenote_note":"","_monsterinsights_sitenote_category":0,"footnotes":""},"categories":[175],"tags":[227],"class_list":["post-70678","post","type-post","status-publish","format-standard","has-post-thumbnail","hentry","category-local","tag-congreso"],"amp_enabled":true,"_links":{"self":[{"href":"https:\/\/lahora.mx\/index.php\/wp-json\/wp\/v2\/posts\/70678","targetHints":{"allow":["GET"]}}],"collection":[{"href":"https:\/\/lahora.mx\/index.php\/wp-json\/wp\/v2\/posts"}],"about":[{"href":"https:\/\/lahora.mx\/index.php\/wp-json\/wp\/v2\/types\/post"}],"author":[{"embeddable":true,"href":"https:\/\/lahora.mx\/index.php\/wp-json\/wp\/v2\/users\/1"}],"replies":[{"embeddable":true,"href":"https:\/\/lahora.mx\/index.php\/wp-json\/wp\/v2\/comments?post=70678"}],"version-history":[{"count":1,"href":"https:\/\/lahora.mx\/index.php\/wp-json\/wp\/v2\/posts\/70678\/revisions"}],"predecessor-version":[{"id":70681,"href":"https:\/\/lahora.mx\/index.php\/wp-json\/wp\/v2\/posts\/70678\/revisions\/70681"}],"wp:featuredmedia":[{"embeddable":true,"href":"https:\/\/lahora.mx\/index.php\/wp-json\/wp\/v2\/media\/70680"}],"wp:attachment":[{"href":"https:\/\/lahora.mx\/index.php\/wp-json\/wp\/v2\/media?parent=70678"}],"wp:term":[{"taxonomy":"category","embeddable":true,"href":"https:\/\/lahora.mx\/index.php\/wp-json\/wp\/v2\/categories?post=70678"},{"taxonomy":"post_tag","embeddable":true,"href":"https:\/\/lahora.mx\/index.php\/wp-json\/wp\/v2\/tags?post=70678"}],"curies":[{"name":"wp","href":"https:\/\/api.w.org\/{rel}","templated":true}]}}