{"id":70665,"date":"2025-11-03T18:44:10","date_gmt":"2025-11-03T18:44:10","guid":{"rendered":"https:\/\/lahora.mx\/?p=70665"},"modified":"2025-11-03T18:44:11","modified_gmt":"2025-11-03T18:44:11","slug":"ocho-detenidos-por-destrozos-en-palacio-de-gobierno-de-michoacan","status":"publish","type":"post","link":"https:\/\/lahora.mx\/index.php\/2025\/11\/03\/ocho-detenidos-por-destrozos-en-palacio-de-gobierno-de-michoacan\/","title":{"rendered":"Ocho detenidos por destrozos en Palacio de Gobierno de Michoac\u00e1n"},"content":{"rendered":"\n<p>La Fiscal\u00eda de Michoac\u00e1n dio a conocer que ocho personas fueron detenidas por su implicaci\u00f3n en los destrozos del Palacio de Gobierno de dicha entidad, que se encuentra en la ciudad de Morelia, despu\u00e9s de las manifestaciones por el homicidio del alcalde Uruapan, Carlos Alberto Manzo Rodr\u00edguez.<\/p>\n\n\n\n<p>A trav\u00e9s de un comunicado de prensa, la Fiscal\u00eda General del Estado de Michoac\u00e1n (FGE), se\u00f1ala que inici\u00f3 Carpeta de Investigaci\u00f3n por los da\u00f1os ocasionados en Palacio de Gobierno y que derivaron en la detenci\u00f3n de ocho personas que fueron puestas a disposici\u00f3n del Ministerio P\u00fablico.<br><br>Durante la tarde del pasado domingo dos de noviembre, la Fiscal\u00eda Regional fue notificada sobre el ingreso de un grupo de personas a las instalaciones de Palacio de Gobierno, lugar donde, de acuerdo al reporte preliminar, causaron da\u00f1os en 16 \u00e1reas, adem\u00e1s de la puerta principal, por lo que se desplaz\u00f3 personal pericial a realizar las diligencias correspondientes.<\/p>\n\n\n\n<p>De igual forma, con relaci\u00f3n a estos hechos, la Secretar\u00eda de Seguridad P\u00fablica (SSP) puso a disposici\u00f3n del Ministerio P\u00fablico a quienes fueron identificados como Mario Emmanuel \u201cN\u201d, Ra\u00fal \u201cN\u201d, Juan Carlos \u201cN\u201d, Pedro Rodrigo \u201cN\u201d, Mauricio \u201cN\u201d, Nidia Georgina \u201cN\u201d, Kitzia Jahari \u201cN\u201d y Alma \u201cN\u201d, por lo que en el t\u00e9rmino de ley se habr\u00e1 de resolver su situaci\u00f3n jur\u00eddica conforme a derecho.<\/p>\n\n\n\n<p>Los quejosos ingresaron al Palacio de Gobierno de Michoac\u00e1n para exigir justicia y seguridad para los habitantes de Uruapan, despu\u00e9s del asesinato del alcalde de dicha demarcaci\u00f3n, Carlos Manzo, ocurrido la noche del pasado s\u00e1bado primero de noviembre de 2025.<\/p>\n\n\n\n<p>Por lo menos unas 500 personas marcharon la tarde del domingo dos de noviembre por el centro de Morelia para exigir justicia por el homicidio que ha sacudido a la entidad.<\/p>\n","protected":false},"excerpt":{"rendered":"<p>La Fiscal\u00eda de Michoac\u00e1n dio a conocer que ocho personas fueron detenidas por su implicaci\u00f3n en los destrozos del Palacio de Gobierno de dicha entidad, que se encuentra en la ciudad de Morelia, despu\u00e9s de las manifestaciones por el homicidio del alcalde Uruapan, Carlos Alberto Manzo Rodr\u00edguez. A trav\u00e9s de un comunicado de prensa, la [&hellip;]<\/p>\n","protected":false},"author":1,"featured_media":70670,"comment_status":"open","ping_status":"open","sticky":false,"template":"","format":"standard","meta":{"om_disable_all_campaigns":false,"_monsterinsights_skip_tracking":false,"_monsterinsights_sitenote_active":false,"_monsterinsights_sitenote_note":"","_monsterinsights_sitenote_category":0,"footnotes":""},"categories":[176,226],"tags":[],"class_list":["post-70665","post","type-post","status-publish","format-standard","has-post-thumbnail","hentry","category-nacional","category-policia"],"amp_enabled":true,"_links":{"self":[{"href":"https:\/\/lahora.mx\/index.php\/wp-json\/wp\/v2\/posts\/70665","targetHints":{"allow":["GET"]}}],"collection":[{"href":"https:\/\/lahora.mx\/index.php\/wp-json\/wp\/v2\/posts"}],"about":[{"href":"https:\/\/lahora.mx\/index.php\/wp-json\/wp\/v2\/types\/post"}],"author":[{"embeddable":true,"href":"https:\/\/lahora.mx\/index.php\/wp-json\/wp\/v2\/users\/1"}],"replies":[{"embeddable":true,"href":"https:\/\/lahora.mx\/index.php\/wp-json\/wp\/v2\/comments?post=70665"}],"version-history":[{"count":1,"href":"https:\/\/lahora.mx\/index.php\/wp-json\/wp\/v2\/posts\/70665\/revisions"}],"predecessor-version":[{"id":70671,"href":"https:\/\/lahora.mx\/index.php\/wp-json\/wp\/v2\/posts\/70665\/revisions\/70671"}],"wp:featuredmedia":[{"embeddable":true,"href":"https:\/\/lahora.mx\/index.php\/wp-json\/wp\/v2\/media\/70670"}],"wp:attachment":[{"href":"https:\/\/lahora.mx\/index.php\/wp-json\/wp\/v2\/media?parent=70665"}],"wp:term":[{"taxonomy":"category","embeddable":true,"href":"https:\/\/lahora.mx\/index.php\/wp-json\/wp\/v2\/categories?post=70665"},{"taxonomy":"post_tag","embeddable":true,"href":"https:\/\/lahora.mx\/index.php\/wp-json\/wp\/v2\/tags?post=70665"}],"curies":[{"name":"wp","href":"https:\/\/api.w.org\/{rel}","templated":true}]}}