{"id":70662,"date":"2025-11-03T18:28:36","date_gmt":"2025-11-03T18:28:36","guid":{"rendered":"https:\/\/lahora.mx\/?p=70662"},"modified":"2025-11-03T18:28:37","modified_gmt":"2025-11-03T18:28:37","slug":"pese-al-asesinato-del-alcalde-de-uruapan-sheinbaum-descarta-cambios-en-estrategia-de-seguridad","status":"publish","type":"post","link":"https:\/\/lahora.mx\/index.php\/2025\/11\/03\/pese-al-asesinato-del-alcalde-de-uruapan-sheinbaum-descarta-cambios-en-estrategia-de-seguridad\/","title":{"rendered":"Pese al asesinato del alcalde de Uruapan, Sheinbaum descarta cambios en estrategia de seguridad"},"content":{"rendered":"\n<p>Tras el asesinato del alcalde de Uruapan, Michoac\u00e1n, Carlos Manzo, la presidenta Claudia Sheinbaum Pardo conden\u00f3 el crimen y asegur\u00f3 que no habr\u00e1 impunidad, pero dej\u00f3 en claro que no se modificar\u00e1 la estrategia de seguridad nacional que impulsa su gobierno.<\/p>\n\n\n\n<p>Durante la conferencia matutina, a la que asistieron el secretario de la Defensa Nacional, Ricardo Trevilla Trejo; el secretario de Seguridad y Protecci\u00f3n Ciudadana, Omar Garc\u00eda Harfuch; y el comandante de la Guardia Nacional, Hern\u00e1n Cort\u00e9s, se ofrecieron detalles del caso y se reiter\u00f3 el compromiso de mantener el actual modelo de trabajo enfocado en la prevenci\u00f3n y la justicia.<br><br>Sheinbaum record\u00f3 que las pol\u00edticas basadas en la llamada \u201cguerra contra el narco\u201d agravaron la crisis de violencia en el pa\u00eds y no ofrecieron resultados duraderos. En contraste, explic\u00f3 que la estrategia vigente se sustenta en cuatro ejes fundamentales: atender las causas sociales de la inseguridad, fortalecer a la Guardia Nacional, impulsar la inteligencia e investigaci\u00f3n, y mejorar la coordinaci\u00f3n con polic\u00edas locales y la Fiscal\u00eda General de la Rep\u00fablica.<\/p>\n\n\n\n<p>La mandataria tambi\u00e9n critic\u00f3 el uso pol\u00edtico del asesinato de Manzo por parte de algunos opositores, a quienes acus\u00f3 de actuar \u201ccomo buitres\u201d y de carecer de empat\u00eda hacia la familia del edil. Dijo que varios actores pol\u00edticos aprovechan estos hechos para atacar al gobierno sin ofrecer propuestas reales.<\/p>\n\n\n\n<p>Sheinbaum insisti\u00f3 en que el pa\u00eds no debe volver a las estrategias de mano dura ni a la violencia institucional. \u201cNo se puede combatir la violencia con m\u00e1s violencia. La justicia no solo se construye con castigo, sino con oportunidades y un sistema que elimine la impunidad dentro de la ley\u201d, afirm\u00f3.<\/p>\n\n\n\n<p>Finalmente, record\u00f3 que el propio alcalde de Uruapan hab\u00eda se\u00f1alado la falta de oportunidades para los j\u00f3venes, situaci\u00f3n que su gobierno busca revertir. \u201cNuestro movimiento representa justicia social, porque no se trata de regresar al pasado, sino de garantizar derechos y construir un pa\u00eds m\u00e1s justo\u201d.<\/p>\n","protected":false},"excerpt":{"rendered":"<p>Tras el asesinato del alcalde de Uruapan, Michoac\u00e1n, Carlos Manzo, la presidenta Claudia Sheinbaum Pardo conden\u00f3 el crimen y asegur\u00f3 que no habr\u00e1 impunidad, pero dej\u00f3 en claro que no se modificar\u00e1 la estrategia de seguridad nacional que impulsa su gobierno. Durante la conferencia matutina, a la que asistieron el secretario de la Defensa Nacional, [&hellip;]<\/p>\n","protected":false},"author":1,"featured_media":70663,"comment_status":"open","ping_status":"open","sticky":false,"template":"","format":"standard","meta":{"om_disable_all_campaigns":false,"_monsterinsights_skip_tracking":false,"_monsterinsights_sitenote_active":false,"_monsterinsights_sitenote_note":"","_monsterinsights_sitenote_category":0,"footnotes":""},"categories":[176],"tags":[],"class_list":["post-70662","post","type-post","status-publish","format-standard","has-post-thumbnail","hentry","category-nacional"],"amp_enabled":true,"_links":{"self":[{"href":"https:\/\/lahora.mx\/index.php\/wp-json\/wp\/v2\/posts\/70662","targetHints":{"allow":["GET"]}}],"collection":[{"href":"https:\/\/lahora.mx\/index.php\/wp-json\/wp\/v2\/posts"}],"about":[{"href":"https:\/\/lahora.mx\/index.php\/wp-json\/wp\/v2\/types\/post"}],"author":[{"embeddable":true,"href":"https:\/\/lahora.mx\/index.php\/wp-json\/wp\/v2\/users\/1"}],"replies":[{"embeddable":true,"href":"https:\/\/lahora.mx\/index.php\/wp-json\/wp\/v2\/comments?post=70662"}],"version-history":[{"count":1,"href":"https:\/\/lahora.mx\/index.php\/wp-json\/wp\/v2\/posts\/70662\/revisions"}],"predecessor-version":[{"id":70664,"href":"https:\/\/lahora.mx\/index.php\/wp-json\/wp\/v2\/posts\/70662\/revisions\/70664"}],"wp:featuredmedia":[{"embeddable":true,"href":"https:\/\/lahora.mx\/index.php\/wp-json\/wp\/v2\/media\/70663"}],"wp:attachment":[{"href":"https:\/\/lahora.mx\/index.php\/wp-json\/wp\/v2\/media?parent=70662"}],"wp:term":[{"taxonomy":"category","embeddable":true,"href":"https:\/\/lahora.mx\/index.php\/wp-json\/wp\/v2\/categories?post=70662"},{"taxonomy":"post_tag","embeddable":true,"href":"https:\/\/lahora.mx\/index.php\/wp-json\/wp\/v2\/tags?post=70662"}],"curies":[{"name":"wp","href":"https:\/\/api.w.org\/{rel}","templated":true}]}}