{"id":70647,"date":"2025-11-03T17:43:38","date_gmt":"2025-11-03T17:43:38","guid":{"rendered":"https:\/\/lahora.mx\/?p=70647"},"modified":"2025-11-03T17:43:39","modified_gmt":"2025-11-03T17:43:39","slug":"mega-marcha-de-transportistas-este-lunes-del-edomex-a-la-cdmx","status":"publish","type":"post","link":"https:\/\/lahora.mx\/index.php\/2025\/11\/03\/mega-marcha-de-transportistas-este-lunes-del-edomex-a-la-cdmx\/","title":{"rendered":"Mega marcha de transportistas este lunes del Edomex a la CDMX"},"content":{"rendered":"\n<p>Ser\u00e1 este lunes tres de noviembre cuando la Alianza de Autotransportistas Aut\u00f3nomos de la Rep\u00fablica Mexicana A.C. lleve a cabo una mega marcha rumbo al Z\u00f3calo de la Ciudad de M\u00e9xico (CDMX).<\/p>\n\n\n\n<p>Dicha organizaci\u00f3n exige la aparici\u00f3n con vida del transportista Fernando Galindo, originario de Jilotepec, Estado de M\u00e9xico. \u201cExigimos la intervenci\u00f3n inmediata del Gobierno Federal, Estatal y Municipal, as\u00ed como de la Fiscal\u00eda General de Justicia del Estado de M\u00e9xico, para dar con el paradero de nuestro compa\u00f1ero\u201d.<br><br>\u201cYa no podemos seguir siendo v\u00edctimas de la impunidad\u201d, se\u00f1ala la Alianza en un comunicado.<\/p>\n\n\n\n<p>Tambi\u00e9n piden que exista un alto a los delitos de extorsi\u00f3n y secuestro que est\u00e1n sufriendo todos los d\u00edas a quienes pertenecen a dicho gremio del autotransporte.<\/p>\n\n\n\n<p>Aclaran que la marcha partir\u00e1 desde diferentes puntos a la capital de la Rep\u00fablica Mexicana, como por ejemplo en las alcald\u00edas Gustavo A. Madero, Cuajimalpa y Miguel Hidalgo, como. por ejemplo:<\/p>\n\n\n\n<p>Tepotzotl\u00e1n<\/p>\n\n\n\n<p>Jilotepec<\/p>\n\n\n\n<p>Atlacomulco<\/p>\n\n\n\n<p>Toluca<\/p>\n\n\n\n<p>Lerma<\/p>\n\n\n\n<p>Santiago Tianguistenco<\/p>\n\n\n\n<p>Valle de Bravo<\/p>\n\n\n\n<p>Naucalpan<\/p>\n\n\n\n<p>Cuautitl\u00e1n Izcalli<\/p>\n\n\n\n<p>Coyotepec<\/p>\n","protected":false},"excerpt":{"rendered":"<p>Ser\u00e1 este lunes tres de noviembre cuando la Alianza de Autotransportistas Aut\u00f3nomos de la Rep\u00fablica Mexicana A.C. lleve a cabo una mega marcha rumbo al Z\u00f3calo de la Ciudad de M\u00e9xico (CDMX). Dicha organizaci\u00f3n exige la aparici\u00f3n con vida del transportista Fernando Galindo, originario de Jilotepec, Estado de M\u00e9xico. \u201cExigimos la intervenci\u00f3n inmediata del Gobierno [&hellip;]<\/p>\n","protected":false},"author":1,"featured_media":70648,"comment_status":"open","ping_status":"open","sticky":false,"template":"","format":"standard","meta":{"om_disable_all_campaigns":false,"_monsterinsights_skip_tracking":false,"_monsterinsights_sitenote_active":false,"_monsterinsights_sitenote_note":"","_monsterinsights_sitenote_category":0,"footnotes":""},"categories":[176],"tags":[],"class_list":["post-70647","post","type-post","status-publish","format-standard","has-post-thumbnail","hentry","category-nacional"],"amp_enabled":true,"_links":{"self":[{"href":"https:\/\/lahora.mx\/index.php\/wp-json\/wp\/v2\/posts\/70647","targetHints":{"allow":["GET"]}}],"collection":[{"href":"https:\/\/lahora.mx\/index.php\/wp-json\/wp\/v2\/posts"}],"about":[{"href":"https:\/\/lahora.mx\/index.php\/wp-json\/wp\/v2\/types\/post"}],"author":[{"embeddable":true,"href":"https:\/\/lahora.mx\/index.php\/wp-json\/wp\/v2\/users\/1"}],"replies":[{"embeddable":true,"href":"https:\/\/lahora.mx\/index.php\/wp-json\/wp\/v2\/comments?post=70647"}],"version-history":[{"count":1,"href":"https:\/\/lahora.mx\/index.php\/wp-json\/wp\/v2\/posts\/70647\/revisions"}],"predecessor-version":[{"id":70649,"href":"https:\/\/lahora.mx\/index.php\/wp-json\/wp\/v2\/posts\/70647\/revisions\/70649"}],"wp:featuredmedia":[{"embeddable":true,"href":"https:\/\/lahora.mx\/index.php\/wp-json\/wp\/v2\/media\/70648"}],"wp:attachment":[{"href":"https:\/\/lahora.mx\/index.php\/wp-json\/wp\/v2\/media?parent=70647"}],"wp:term":[{"taxonomy":"category","embeddable":true,"href":"https:\/\/lahora.mx\/index.php\/wp-json\/wp\/v2\/categories?post=70647"},{"taxonomy":"post_tag","embeddable":true,"href":"https:\/\/lahora.mx\/index.php\/wp-json\/wp\/v2\/tags?post=70647"}],"curies":[{"name":"wp","href":"https:\/\/api.w.org\/{rel}","templated":true}]}}