{"id":70633,"date":"2025-10-25T15:07:28","date_gmt":"2025-10-25T15:07:28","guid":{"rendered":"https:\/\/lahora.mx\/?p=70633"},"modified":"2025-11-03T15:08:45","modified_gmt":"2025-11-03T15:08:45","slug":"documenta-buap-la-diversidad-botanica-en-cu2-2","status":"publish","type":"post","link":"https:\/\/lahora.mx\/index.php\/2025\/10\/25\/documenta-buap-la-diversidad-botanica-en-cu2-2\/","title":{"rendered":"Documenta BUAP la diversidad bot\u00e1nica en CU2"},"content":{"rendered":"\n<p>Flora descriptiva de Plantas con Semilla del Ecocampus y Ecoparque BUAP-CU2 es un libro que cristaliza los primeros esfuerzos por conocer y documentar la diversidad bot\u00e1nica de esta zona con 120 especies reportadas, de las cuales 35 son end\u00e9micas y varias se encuentran en riesgo. Asimismo, es una ventana al p\u00fablico para acceder a este conocimiento de la diversidad vegetal en el nuevo campus.<\/p>\n\n\n\n<p>M\u00e1s all\u00e1 de ser una gu\u00eda ilustrada, invita a explorar y valorar el patrimonio natural de este campus; adem\u00e1s es fundamental para impulsar procesos de conservaci\u00f3n y restauraci\u00f3n en un \u00e1rea protegida, indic\u00f3 la Rectora Lilia Cedillo Ram\u00edrez, durante la presentaci\u00f3n del libro, en la que tambi\u00e9n relat\u00f3 la historia y retos de la creaci\u00f3n de Ciudad Universitaria 2 (CU2), cuyo objetivo es brindar m\u00e1s oportunidades de estudio a los j\u00f3venes en las \u00e1reas de Ingenier\u00eda y Ciencias Naturales.<\/p>\n\n\n\n<p>El director de la Facultad de Ciencias Biol\u00f3gicas, Salvador Galicia Isasmendi, explic\u00f3 que la zona de estudio de esta obra est\u00e1 enmarcada en el espacio que albergar\u00e1 el gran proyecto universitario de Ciudad Universitaria 2, compuesta por pastizales, humedales y relictos de bosque de encino. \u201cDados los procesos desmedidos de urbanizaci\u00f3n, pastoreo, tala y cambio clim\u00e1tico, cat\u00e1logos de este tipo son importantes para permitirnos el goce est\u00e9tico de esos tesoros que a\u00f1o con a\u00f1o emergen con las primeras lluvias\u201d.<\/p>\n\n\n\n<p>La doctora Agustina Rosa Andr\u00e9s Hern\u00e1ndez, coautora y docente de esta facultad, enfatiz\u00f3 que esta obra iniciada en 2022 es resultado de un trabajo colaborativo de Arcelia Dolores Silverio, Ana Laura Garc\u00eda Guti\u00e9rrez, Sombra Patricia Rivas Arancibia, David Mart\u00ednez Moreno y Roberto Villagr\u00e1n Torres, para reconocer el valor est\u00e9tico de la variedad vegetal en este campus.<\/p>\n\n\n\n<p>\u201cEn las primeras visitas se observaron peque\u00f1as plantas herb\u00e1ceas que dieron indicios de un microsistema, entre \u00e9stas la flor de tigre, una especie rara con pocas observaciones en la naturaleza y cuyo g\u00e9nero cuenta con 53 especies\u201d, coment\u00f3.<\/p>\n\n\n\n<p>A la presentaci\u00f3n asistieron Luis Antonio Lucio Venegas y Uziel Garc\u00eda Mercado, coordinador Acad\u00e9mico y subsecretario Administrativo de este campus, respectivamente.<\/p>\n","protected":false},"excerpt":{"rendered":"<p>Flora descriptiva de Plantas con Semilla del Ecocampus y Ecoparque BUAP-CU2 es un libro que cristaliza los primeros esfuerzos por conocer y documentar la diversidad bot\u00e1nica de esta zona con 120 especies reportadas, de las cuales 35 son end\u00e9micas y varias se encuentran en riesgo. Asimismo, es una ventana al p\u00fablico para acceder a este [&hellip;]<\/p>\n","protected":false},"author":1,"featured_media":70634,"comment_status":"open","ping_status":"open","sticky":false,"template":"","format":"standard","meta":{"om_disable_all_campaigns":false,"_monsterinsights_skip_tracking":false,"_monsterinsights_sitenote_active":false,"_monsterinsights_sitenote_note":"","_monsterinsights_sitenote_category":0,"footnotes":""},"categories":[175],"tags":[186],"class_list":["post-70633","post","type-post","status-publish","format-standard","has-post-thumbnail","hentry","category-local","tag-buap"],"amp_enabled":true,"_links":{"self":[{"href":"https:\/\/lahora.mx\/index.php\/wp-json\/wp\/v2\/posts\/70633","targetHints":{"allow":["GET"]}}],"collection":[{"href":"https:\/\/lahora.mx\/index.php\/wp-json\/wp\/v2\/posts"}],"about":[{"href":"https:\/\/lahora.mx\/index.php\/wp-json\/wp\/v2\/types\/post"}],"author":[{"embeddable":true,"href":"https:\/\/lahora.mx\/index.php\/wp-json\/wp\/v2\/users\/1"}],"replies":[{"embeddable":true,"href":"https:\/\/lahora.mx\/index.php\/wp-json\/wp\/v2\/comments?post=70633"}],"version-history":[{"count":1,"href":"https:\/\/lahora.mx\/index.php\/wp-json\/wp\/v2\/posts\/70633\/revisions"}],"predecessor-version":[{"id":70635,"href":"https:\/\/lahora.mx\/index.php\/wp-json\/wp\/v2\/posts\/70633\/revisions\/70635"}],"wp:featuredmedia":[{"embeddable":true,"href":"https:\/\/lahora.mx\/index.php\/wp-json\/wp\/v2\/media\/70634"}],"wp:attachment":[{"href":"https:\/\/lahora.mx\/index.php\/wp-json\/wp\/v2\/media?parent=70633"}],"wp:term":[{"taxonomy":"category","embeddable":true,"href":"https:\/\/lahora.mx\/index.php\/wp-json\/wp\/v2\/categories?post=70633"},{"taxonomy":"post_tag","embeddable":true,"href":"https:\/\/lahora.mx\/index.php\/wp-json\/wp\/v2\/tags?post=70633"}],"curies":[{"name":"wp","href":"https:\/\/api.w.org\/{rel}","templated":true}]}}