{"id":70630,"date":"2025-10-24T15:05:05","date_gmt":"2025-10-24T15:05:05","guid":{"rendered":"https:\/\/lahora.mx\/?p=70630"},"modified":"2025-11-03T15:06:05","modified_gmt":"2025-11-03T15:06:05","slug":"mas-alla-de-una-frase-la-cultura-de-paz-es-una-labor-para-fomentar-espacios-libres-de-violencia-rectora-lilia-cedillo","status":"publish","type":"post","link":"https:\/\/lahora.mx\/index.php\/2025\/10\/24\/mas-alla-de-una-frase-la-cultura-de-paz-es-una-labor-para-fomentar-espacios-libres-de-violencia-rectora-lilia-cedillo\/","title":{"rendered":"M\u00e1s all\u00e1 de una frase, la cultura de paz es una labor para fomentar espacios libres de violencia: Rectora Lilia Cedillo"},"content":{"rendered":"\n<p>En el marco de la conmemoraci\u00f3n del D\u00eda de las Naciones Unidas, la Rectora de la BUAP, Lilia Cedillo Ram\u00edrez, inaugur\u00f3 la exposici\u00f3n \u201cCarteles unidos por la paz\u201d. En su apertura expres\u00f3 que la cultura de la paz va m\u00e1s all\u00e1 de una frase: \u201cEs la labor que hacemos cada uno de nosotros para fomentar espacios libres de violencia y est\u00e1 relacionada con valores, actitud y en c\u00f3mo tratamos a nuestros semejantes, con respeto, inclusi\u00f3n, tolerancia, honestidad y rectitud\u201d.<\/p>\n\n\n\n<p>En el lobby de la Torre de Gesti\u00f3n Acad\u00e9mica y Servicios Administrativos de Ciudad Universitaria, el defensor de los Derechos Universitarios, Omar Aguirre Ibarra, indic\u00f3 que la muestra exhorta a reflexionar sobre los derechos humanos y a renovar el compromiso de la instituci\u00f3n por promover el respeto y una educaci\u00f3n por la paz.<\/p>\n\n\n\n<p>Bajo el lema \u201cLa memoria del Holocausto y la educaci\u00f3n para la dignidad y los derechos humanos\u201d, la exposici\u00f3n que estar\u00e1 abierta hasta el 31 de octubre, invita a construir un futuro libre de odio, donde la dignidad y los derechos humanos sean el fundamento de nuestra convivencia. \u201cSomos parte de un esfuerzo sostenido para garantizar un mundo justo e incluyente si todos actuamos firmemente\u201d, sostuvo.<\/p>\n\n\n\n<p>En la apertura de la exhibici\u00f3n integrada por carteles en t\u00e9cnica digital creados por alumnos y artistas invitados, participaron adem\u00e1s la abogada General, Miriam Olga Ponce G\u00f3mez; el vicerrector de Docencia, Jaime V\u00e1zquez L\u00f3pez; la directora de la Facultad de Arquitectura, Carola Santiago Azpiazu, y el acad\u00e9mico Obed Meza Romero; as\u00ed como Mar\u00eda del Carmen Garc\u00eda Aguilar, directora Institucional de Igualdad de G\u00e9nero.<\/p>\n","protected":false},"excerpt":{"rendered":"<p>En el marco de la conmemoraci\u00f3n del D\u00eda de las Naciones Unidas, la Rectora de la BUAP, Lilia Cedillo Ram\u00edrez, inaugur\u00f3 la exposici\u00f3n \u201cCarteles unidos por la paz\u201d. En su apertura expres\u00f3 que la cultura de la paz va m\u00e1s all\u00e1 de una frase: \u201cEs la labor que hacemos cada uno de nosotros para fomentar [&hellip;]<\/p>\n","protected":false},"author":1,"featured_media":70631,"comment_status":"open","ping_status":"open","sticky":false,"template":"","format":"standard","meta":{"om_disable_all_campaigns":false,"_monsterinsights_skip_tracking":false,"_monsterinsights_sitenote_active":false,"_monsterinsights_sitenote_note":"","_monsterinsights_sitenote_category":0,"footnotes":""},"categories":[175],"tags":[186,223],"class_list":["post-70630","post","type-post","status-publish","format-standard","has-post-thumbnail","hentry","category-local","tag-buap","tag-puebla"],"amp_enabled":true,"_links":{"self":[{"href":"https:\/\/lahora.mx\/index.php\/wp-json\/wp\/v2\/posts\/70630","targetHints":{"allow":["GET"]}}],"collection":[{"href":"https:\/\/lahora.mx\/index.php\/wp-json\/wp\/v2\/posts"}],"about":[{"href":"https:\/\/lahora.mx\/index.php\/wp-json\/wp\/v2\/types\/post"}],"author":[{"embeddable":true,"href":"https:\/\/lahora.mx\/index.php\/wp-json\/wp\/v2\/users\/1"}],"replies":[{"embeddable":true,"href":"https:\/\/lahora.mx\/index.php\/wp-json\/wp\/v2\/comments?post=70630"}],"version-history":[{"count":1,"href":"https:\/\/lahora.mx\/index.php\/wp-json\/wp\/v2\/posts\/70630\/revisions"}],"predecessor-version":[{"id":70632,"href":"https:\/\/lahora.mx\/index.php\/wp-json\/wp\/v2\/posts\/70630\/revisions\/70632"}],"wp:featuredmedia":[{"embeddable":true,"href":"https:\/\/lahora.mx\/index.php\/wp-json\/wp\/v2\/media\/70631"}],"wp:attachment":[{"href":"https:\/\/lahora.mx\/index.php\/wp-json\/wp\/v2\/media?parent=70630"}],"wp:term":[{"taxonomy":"category","embeddable":true,"href":"https:\/\/lahora.mx\/index.php\/wp-json\/wp\/v2\/categories?post=70630"},{"taxonomy":"post_tag","embeddable":true,"href":"https:\/\/lahora.mx\/index.php\/wp-json\/wp\/v2\/tags?post=70630"}],"curies":[{"name":"wp","href":"https:\/\/api.w.org\/{rel}","templated":true}]}}