{"id":7061,"date":"2022-05-17T20:45:42","date_gmt":"2022-05-17T20:45:42","guid":{"rendered":"http:\/\/lahora.mx\/?p=7061"},"modified":"2022-05-17T20:45:43","modified_gmt":"2022-05-17T20:45:43","slug":"detencion-de-alcalde-no-es-por-asesinato-de-director-de-seguridad-de-acatlan-adelanta-barbosa","status":"publish","type":"post","link":"https:\/\/lahora.mx\/index.php\/2022\/05\/17\/detencion-de-alcalde-no-es-por-asesinato-de-director-de-seguridad-de-acatlan-adelanta-barbosa\/","title":{"rendered":"Detenci\u00f3n de alcalde no es por asesinato de director de Seguridad de Acatl\u00e1n, adelanta Barbosa"},"content":{"rendered":"\n<p>Luego de confirmarse las acusaciones contra el presidente municipal de Acatl\u00e1n, por los delitos de ejercicio indebido de funciones p\u00fablicas y encubrimiento, el titular del Ejecutivo aclar\u00f3 en conferencia de prensa el 17 de mayo, que n<strong>inguno de los se\u00f1alamientos se hizo por el asesinato del ex director de Seguridad Municipal de esa alcald\u00eda.<\/strong><\/p>\n\n\n\n<p><strong><em>\u201cNo es encubrimiento por el asesinato del [ex titular] de Seguridad P\u00fablica, es por otros hechos de los que yo no voy a hablar porque no soy quien debe hablarlo. Ustedes creen que el gobernador tiene que tener [toda la] informaci\u00f3n (\u2026) no no es as\u00ed\u201d,<\/em><\/strong>&nbsp;expuso.<\/p>\n\n\n\n<p>Por su parte, respecto a la gobernabilidad de esa demarcaci\u00f3n, el mandatario puntualiz\u00f3 que&nbsp;<strong>su administraci\u00f3n se encuentra preparada para colaborar con las autoridades locales,&nbsp;<\/strong>en caso de que el ayuntamiento se quede eventualmente ac\u00e9falo.<\/p>\n\n\n\n<p><strong><em>\u201cLas [ausencias] temporales se vuelven absolutas a los 30 d\u00edas y es ah\u00ed cuando tiene que haber una determinaci\u00f3n, primero el Cabildo, [pero] yo voy a asumir ese di\u00e1logo. No voy a dejar que esto se vuelva un caos\u201d,&nbsp;<\/em><\/strong>apunt\u00f3.<\/p>\n\n\n\n<p>Se\u00f1al\u00f3 que al momento, fue informado de la existencia de un funcionario que funge como suplente del alcalde, por lo que estableci\u00f3 que el ayuntamiento se encuentra funcionando de forma usual hasta este momento.<\/p>\n\n\n\n<p>Agreg\u00f3 que las obligaciones del estado en materia de seguridad p\u00fablica en la demarcaci\u00f3n, est\u00e1n siendo desempe\u00f1adas de forma regular por 90 uniformados de la corporaci\u00f3n policiaca estatal.<\/p>\n\n\n\n<p>En otro orden de ideas,<strong>&nbsp;Barbosa Huerta hizo menci\u00f3n tambi\u00e9n de los hechos ocurridos en Zoquitl\u00e1n&nbsp;<\/strong>el pasado 9 de mayo, en los cuales un total de tres hombres, entre ellos un menor de edad, perdi\u00f3 la vida presuntamente a manos de los disparos emitidos por elementos de la polic\u00eda estatal.<\/p>\n\n\n\n<p><strong>\u201cEl caso de Coyomeapan es un asunto que hay que tratar con mucho cuidado, los intentos de di\u00e1logo han fracasado por negaci\u00f3n de parte de una de las partes (\u2026) hay mucha gente que no actu\u00f3 de buena fe en este tema, entonces tenemos que cuidarnos mucho y pronto habr\u00e1 una ruta en la parte jur\u00eddica pol\u00edtica social y tenemos un planteamiento general\u201d<\/strong>, concluy\u00f3.<\/p>\n","protected":false},"excerpt":{"rendered":"<p>Luego de confirmarse las acusaciones contra el presidente municipal de Acatl\u00e1n, por los delitos de ejercicio indebido de funciones p\u00fablicas y encubrimiento, el titular del Ejecutivo aclar\u00f3 en conferencia de prensa el 17 de mayo, que ninguno de los se\u00f1alamientos se hizo por el asesinato del ex director de Seguridad Municipal de esa alcald\u00eda. \u201cNo [&hellip;]<\/p>\n","protected":false},"author":4,"featured_media":7062,"comment_status":"open","ping_status":"open","sticky":false,"template":"","format":"standard","meta":{"om_disable_all_campaigns":false,"_monsterinsights_skip_tracking":false,"_monsterinsights_sitenote_active":false,"_monsterinsights_sitenote_note":"","_monsterinsights_sitenote_category":0,"footnotes":""},"categories":[175],"tags":[],"class_list":["post-7061","post","type-post","status-publish","format-standard","has-post-thumbnail","hentry","category-local"],"amp_enabled":true,"_links":{"self":[{"href":"https:\/\/lahora.mx\/index.php\/wp-json\/wp\/v2\/posts\/7061","targetHints":{"allow":["GET"]}}],"collection":[{"href":"https:\/\/lahora.mx\/index.php\/wp-json\/wp\/v2\/posts"}],"about":[{"href":"https:\/\/lahora.mx\/index.php\/wp-json\/wp\/v2\/types\/post"}],"author":[{"embeddable":true,"href":"https:\/\/lahora.mx\/index.php\/wp-json\/wp\/v2\/users\/4"}],"replies":[{"embeddable":true,"href":"https:\/\/lahora.mx\/index.php\/wp-json\/wp\/v2\/comments?post=7061"}],"version-history":[{"count":1,"href":"https:\/\/lahora.mx\/index.php\/wp-json\/wp\/v2\/posts\/7061\/revisions"}],"predecessor-version":[{"id":7063,"href":"https:\/\/lahora.mx\/index.php\/wp-json\/wp\/v2\/posts\/7061\/revisions\/7063"}],"wp:featuredmedia":[{"embeddable":true,"href":"https:\/\/lahora.mx\/index.php\/wp-json\/wp\/v2\/media\/7062"}],"wp:attachment":[{"href":"https:\/\/lahora.mx\/index.php\/wp-json\/wp\/v2\/media?parent=7061"}],"wp:term":[{"taxonomy":"category","embeddable":true,"href":"https:\/\/lahora.mx\/index.php\/wp-json\/wp\/v2\/categories?post=7061"},{"taxonomy":"post_tag","embeddable":true,"href":"https:\/\/lahora.mx\/index.php\/wp-json\/wp\/v2\/tags?post=7061"}],"curies":[{"name":"wp","href":"https:\/\/api.w.org\/{rel}","templated":true}]}}