{"id":70585,"date":"2025-10-06T14:30:09","date_gmt":"2025-10-06T14:30:09","guid":{"rendered":"https:\/\/lahora.mx\/?p=70585"},"modified":"2025-11-03T14:31:07","modified_gmt":"2025-11-03T14:31:07","slug":"la-licenciatura-en-podologia-forma-profesionales-en-la-atencion-integral-de-las-extremidades-inferiores-del-cuerpo-humano","status":"publish","type":"post","link":"https:\/\/lahora.mx\/index.php\/2025\/10\/06\/la-licenciatura-en-podologia-forma-profesionales-en-la-atencion-integral-de-las-extremidades-inferiores-del-cuerpo-humano\/","title":{"rendered":"La Licenciatura en Podolog\u00eda forma profesionales en la atenci\u00f3n integral de las extremidades inferiores del cuerpo humano"},"content":{"rendered":"\n<p>Muchas enfermedades pueden iniciar por los pies. La mayor\u00eda de la poblaci\u00f3n presenta dolor en ellos y lo asocia con fatiga; pero, esto puede ser un problema biomec\u00e1nico que trascienda a la vida adulta y altere el desarrollo de las actividades diarias. M\u00e1s all\u00e1 de realizar un corte correcto de u\u00f1as, la labor del pod\u00f3logo se centra en la atenci\u00f3n integral de las extremidades inferiores del cuerpo humano.<\/p>\n\n\n\n<p>Ante la necesidad de formar profesionales en el \u00e1rea, en 2024 la BUAP abri\u00f3 la Licenciatura en Podolog\u00eda, adscrita a la Facultad de Enfermer\u00eda. Actualmente tiene una matr\u00edcula de 56 alumnos (divididos en dos grupos: primer y tercer semestre); en su tronco com\u00fan colaboran docentes de las facultades de Enfermer\u00eda y Medicina.<\/p>\n\n\n\n<p>Aunque la carrera es de reciente creaci\u00f3n, el director de esta unidad acad\u00e9mica, Francisco Javier B\u00e1ez Hern\u00e1ndez, se refiri\u00f3 al inter\u00e9s de los docentes por conformar un grupo de investigaci\u00f3n que atienda al paciente pedi\u00e1trico, adulto mayor y deportistas, en las ramas de biomec\u00e1nica y ortopodolog\u00eda, por citar algunas, con el objetivo de disminuir los padecimientos de movilidad, mediante la prevenci\u00f3n y tratamiento.<\/p>\n\n\n\n<p>Guadalupe Vera Reyes, profesora de este plan de estudios, indic\u00f3 que dichos especialistas impulsan programas de educaci\u00f3n preventivos para evitar lesiones e infecciones f\u00fangicas, bacterianas o virales; adem\u00e1s realizan intervenciones complejas, por ejemplo, atenci\u00f3n de \u00falceras del pie diab\u00e9tico, correcci\u00f3n de onicomicosis y deformidades (pie cavo o plano).<\/p>\n\n\n\n<p>Incluso, dise\u00f1an elementos ortopodol\u00f3gicos para suplir la ausencia o p\u00e9rdida de dedos o una amputaci\u00f3n mayor. \u201cNuestro objetivo es mantener la funcionalidad del pie y ayudar a que el paciente regrese a sus actividades diarias\u201d, expres\u00f3.<\/p>\n\n\n\n<p>La docente hizo hincapi\u00e9 en que muchas de las enfermedades originadas en los miembros inferiores se pueden tratar con sencillas recomendaciones, como una higiene correcta, uso de calzado adecuado y tener el h\u00e1bito de revisar los dedos y el pie en general para detectar alguna anomal\u00eda.<\/p>\n\n\n\n<p>Capacitaci\u00f3n constante<\/p>\n\n\n\n<p>Dichos profesionales requieren capacitaci\u00f3n y actualizaci\u00f3n constante, por ello la Facultad de Enfermer\u00eda llevar\u00e1 a cabo este 8 de octubre el simposio Temas selectos en Podolog\u00eda, en el auditorio \u201cRolando Revilla Ibarra\u201d de esta unidad acad\u00e9mica, en el que participar\u00e1n expertos en la materia, entre ellos Roberto Pascual Guti\u00e9rrez de la Universidad Miguel Hern\u00e1ndez de Elche, Espa\u00f1a, y Ra\u00fal Alejandro Ram\u00edrez, de la Universidad de Guadalajara.<\/p>\n\n\n\n<p>En conmemoraci\u00f3n del D\u00eda Internacional de la Podolog\u00eda, de 9:00 a 15:00 horas se abordar\u00e1n temas de tecnolog\u00eda l\u00e1ser y sus aplicaciones en el \u00e1rea, manejo del pie diab\u00e9tico desde la perspectiva podol\u00f3gica, glicosilaci\u00f3n del col\u00e1geno tipo I y su influencia en la disminuci\u00f3n de la movilidad articular en los pies de los pacientes con diabetes, procedimientos quir\u00fargicos en patolog\u00eda ungueal y podolog\u00eda infantil. Tambi\u00e9n habr\u00e1 exposici\u00f3n de modelos anat\u00f3micos y maquetas de biomec\u00e1nica.<\/p>\n","protected":false},"excerpt":{"rendered":"<p>Muchas enfermedades pueden iniciar por los pies. La mayor\u00eda de la poblaci\u00f3n presenta dolor en ellos y lo asocia con fatiga; pero, esto puede ser un problema biomec\u00e1nico que trascienda a la vida adulta y altere el desarrollo de las actividades diarias. M\u00e1s all\u00e1 de realizar un corte correcto de u\u00f1as, la labor del pod\u00f3logo [&hellip;]<\/p>\n","protected":false},"author":1,"featured_media":70586,"comment_status":"open","ping_status":"open","sticky":false,"template":"","format":"standard","meta":{"om_disable_all_campaigns":false,"_monsterinsights_skip_tracking":false,"_monsterinsights_sitenote_active":false,"_monsterinsights_sitenote_note":"","_monsterinsights_sitenote_category":0,"footnotes":""},"categories":[175],"tags":[186],"class_list":["post-70585","post","type-post","status-publish","format-standard","has-post-thumbnail","hentry","category-local","tag-buap"],"amp_enabled":true,"_links":{"self":[{"href":"https:\/\/lahora.mx\/index.php\/wp-json\/wp\/v2\/posts\/70585","targetHints":{"allow":["GET"]}}],"collection":[{"href":"https:\/\/lahora.mx\/index.php\/wp-json\/wp\/v2\/posts"}],"about":[{"href":"https:\/\/lahora.mx\/index.php\/wp-json\/wp\/v2\/types\/post"}],"author":[{"embeddable":true,"href":"https:\/\/lahora.mx\/index.php\/wp-json\/wp\/v2\/users\/1"}],"replies":[{"embeddable":true,"href":"https:\/\/lahora.mx\/index.php\/wp-json\/wp\/v2\/comments?post=70585"}],"version-history":[{"count":1,"href":"https:\/\/lahora.mx\/index.php\/wp-json\/wp\/v2\/posts\/70585\/revisions"}],"predecessor-version":[{"id":70587,"href":"https:\/\/lahora.mx\/index.php\/wp-json\/wp\/v2\/posts\/70585\/revisions\/70587"}],"wp:featuredmedia":[{"embeddable":true,"href":"https:\/\/lahora.mx\/index.php\/wp-json\/wp\/v2\/media\/70586"}],"wp:attachment":[{"href":"https:\/\/lahora.mx\/index.php\/wp-json\/wp\/v2\/media?parent=70585"}],"wp:term":[{"taxonomy":"category","embeddable":true,"href":"https:\/\/lahora.mx\/index.php\/wp-json\/wp\/v2\/categories?post=70585"},{"taxonomy":"post_tag","embeddable":true,"href":"https:\/\/lahora.mx\/index.php\/wp-json\/wp\/v2\/tags?post=70585"}],"curies":[{"name":"wp","href":"https:\/\/api.w.org\/{rel}","templated":true}]}}