{"id":70574,"date":"2025-11-03T02:46:09","date_gmt":"2025-11-03T02:46:09","guid":{"rendered":"https:\/\/lahora.mx\/?p=70574"},"modified":"2025-11-03T02:46:10","modified_gmt":"2025-11-03T02:46:10","slug":"manifestacion-irrumpe-en-palacio-de-gobierno-de-michoacan-y-causa-destrozos-tras-asesinato-de-alcalde","status":"publish","type":"post","link":"https:\/\/lahora.mx\/index.php\/2025\/11\/03\/manifestacion-irrumpe-en-palacio-de-gobierno-de-michoacan-y-causa-destrozos-tras-asesinato-de-alcalde\/","title":{"rendered":"Manifestaci\u00f3n irrumpe en Palacio de Gobierno de Michoac\u00e1n y causa destrozos tras asesinato de alcalde"},"content":{"rendered":"\n<p>Ciudadanos se manifestaron en Morelia para exigir justicia tras el asesinato de\u00a0<a href=\"https:\/\/www.infobae.com\/mexico\/2025\/11\/02\/videos-del-ataque-a-carlos-manzo-cerca-de-su-familia-y-frente-a-cientos-de-personas-asi-fue-el-asesinato-del-alcalde-de-uruapan\/\" target=\"_blank\" rel=\"noreferrer noopener\"><strong>Carlos Manzo<\/strong><\/a>, alcalde de\u00a0<a href=\"https:\/\/www.infobae.com\/mexico\/2025\/11\/02\/cual-es-la-historia-de-uruapan-municipio-de-michoacan-donde-fue-asesinado-carlos-manzo\/\" target=\"_blank\" rel=\"noreferrer noopener\">Uruapan<\/a>. La movilizaci\u00f3n parti\u00f3 desde la<strong>\u00a0Plaza Mar\u00eda Morelos y Pav\u00f3n<\/strong>, convocada bajo el lema\u00a0<strong>\u201cYa basta de abusos y omisiones\u201d\u00a0<\/strong>y en demanda de un M\u00e9xico sin miedo ni impunidad<\/p>\n\n\n\n<p>La marcha en repudio al<a href=\"https:\/\/www.excelsior.com.mx\/nacional\/arma-usada-en-asesinato-de-alcalde-ligada-a-grupos-delictivos-garcia-harfuch\/1749263\" target=\"_blank\" rel=\"noreferrer noopener\"><strong>\u00a0asesinato del alcalde de Uruapan, Carlos Manzo<\/strong><\/a>, termin\u00f3 en un ataque al<strong>\u00a0Palacio de Gobierno de Michoac\u00e1n<\/strong>, el cual fue vandalizado por manifestantes tanto en exteriores como en interiores.<\/p>\n\n\n\n<p>\u201c\u00a1Fuera Morena!\u201d, \u201c\u00a1Asesino!\u201d y \u201c\u00a1Justicia para Manzo!\u201d, fueron algunas de las consignas. Dentro del inmueble se registraron destrozos materiales y la quema de papeles administrativos.<\/p>\n\n\n\n<p>\u201cY sigue la casa de Ram\u00edrez Bedolla\u201d, bajo esa consigna, cientos de manifestantes dieron \u2018portazo\u2019 al Palacio de Gobierno de Michoac\u00e1n, como protesta por el\u00a0<a href=\"https:\/\/www.elfinanciero.com.mx\/estados\/2025\/11\/02\/asesinato-de-carlos-manzo-quien-sera-su-reemplazo-como-presidente-municipal-de-uruapan-michoacan\/\">asesinato del alcalde de Uruapan, Carlos Manzo<\/a>.<\/p>\n\n\n\n<p>De acuerdo a informaci\u00f3n de la agencia Quadrat\u00edn Michoac\u00e1n, con&nbsp;<strong>bombas molotov, palos, piedras,<\/strong>&nbsp;objetos diversos y cubiertos del rostro, los manifestantes, j\u00f3venes en su mayor\u00eda, forzaron la puerta principal del edificio e ingresaron a las oficinas.<\/p>\n","protected":false},"excerpt":{"rendered":"<p>Ciudadanos se manifestaron en Morelia para exigir justicia tras el asesinato de\u00a0Carlos Manzo, alcalde de\u00a0Uruapan. La movilizaci\u00f3n parti\u00f3 desde la\u00a0Plaza Mar\u00eda Morelos y Pav\u00f3n, convocada bajo el lema\u00a0\u201cYa basta de abusos y omisiones\u201d\u00a0y en demanda de un M\u00e9xico sin miedo ni impunidad La marcha en repudio al\u00a0asesinato del alcalde de Uruapan, Carlos Manzo, termin\u00f3 en [&hellip;]<\/p>\n","protected":false},"author":1,"featured_media":70575,"comment_status":"open","ping_status":"open","sticky":false,"template":"","format":"standard","meta":{"om_disable_all_campaigns":false,"_monsterinsights_skip_tracking":false,"_monsterinsights_sitenote_active":false,"_monsterinsights_sitenote_note":"","_monsterinsights_sitenote_category":0,"footnotes":""},"categories":[176],"tags":[],"class_list":["post-70574","post","type-post","status-publish","format-standard","has-post-thumbnail","hentry","category-nacional"],"amp_enabled":true,"_links":{"self":[{"href":"https:\/\/lahora.mx\/index.php\/wp-json\/wp\/v2\/posts\/70574","targetHints":{"allow":["GET"]}}],"collection":[{"href":"https:\/\/lahora.mx\/index.php\/wp-json\/wp\/v2\/posts"}],"about":[{"href":"https:\/\/lahora.mx\/index.php\/wp-json\/wp\/v2\/types\/post"}],"author":[{"embeddable":true,"href":"https:\/\/lahora.mx\/index.php\/wp-json\/wp\/v2\/users\/1"}],"replies":[{"embeddable":true,"href":"https:\/\/lahora.mx\/index.php\/wp-json\/wp\/v2\/comments?post=70574"}],"version-history":[{"count":1,"href":"https:\/\/lahora.mx\/index.php\/wp-json\/wp\/v2\/posts\/70574\/revisions"}],"predecessor-version":[{"id":70576,"href":"https:\/\/lahora.mx\/index.php\/wp-json\/wp\/v2\/posts\/70574\/revisions\/70576"}],"wp:featuredmedia":[{"embeddable":true,"href":"https:\/\/lahora.mx\/index.php\/wp-json\/wp\/v2\/media\/70575"}],"wp:attachment":[{"href":"https:\/\/lahora.mx\/index.php\/wp-json\/wp\/v2\/media?parent=70574"}],"wp:term":[{"taxonomy":"category","embeddable":true,"href":"https:\/\/lahora.mx\/index.php\/wp-json\/wp\/v2\/categories?post=70574"},{"taxonomy":"post_tag","embeddable":true,"href":"https:\/\/lahora.mx\/index.php\/wp-json\/wp\/v2\/tags?post=70574"}],"curies":[{"name":"wp","href":"https:\/\/api.w.org\/{rel}","templated":true}]}}