{"id":70564,"date":"2025-11-02T22:59:23","date_gmt":"2025-11-02T22:59:23","guid":{"rendered":"https:\/\/lahora.mx\/?p=70564"},"modified":"2025-11-02T22:59:23","modified_gmt":"2025-11-02T22:59:23","slug":"fuera-asesino-corren-a-gobernador-de-michoacan-del-funeral-de-carlos-manzo","status":"publish","type":"post","link":"https:\/\/lahora.mx\/index.php\/2025\/11\/02\/fuera-asesino-corren-a-gobernador-de-michoacan-del-funeral-de-carlos-manzo\/","title":{"rendered":"\u2018Fuera, asesino\u2019: corren a gobernador de Michoac\u00e1n del funeral de Carlos Manzo"},"content":{"rendered":"\n<p>Durante el&nbsp;<a href=\"https:\/\/www.elfinanciero.com.mx\/nacional\/2025\/11\/02\/contaba-con-proteccion-federal-claudia-sheinbaum-condena-asesinato-de-carlos-manzo-alcalde-de-uruapan\/\">funeral de Carlos Manzo<\/a>, alcalde de Uruapan, que fue asesinado este s\u00e1bado 1 de noviembre durante un acto p\u00fablico, se present\u00f3 un incidente por la presencia del&nbsp;<a href=\"https:\/\/www.elfinanciero.com.mx\/estados\/2025\/05\/13\/michoacan-bedolla-presenta-ley-para-prohibir-los-narcocorridos-en-la-tierra-del-mencho\/\">gobernador de Michoac\u00e1n, Alfredo Ram\u00edrez Bedolla<\/a>.<\/p>\n\n\n\n<p>En medio de un fuerte dispositivo de seguridad, el gobernador michoacano, de Morena, fue recibido entre reclamos de justicia y expresiones de indignaci\u00f3n, en el momento en que lleg\u00f3 a la funeraria donde est\u00e1 siendo velado el presidente municipal asesinado.<\/p>\n\n\n\n<p>\u201c\u00a1Justicia para Carlos!\u201d, se escuch\u00f3 entre los asistentes que se manten\u00edan formados para despedir al edil emanado del movimiento independiente&nbsp;<strong>La Sombreriza Michoacana<\/strong>.<\/p>\n\n\n\n<p>Familiares, servidores p\u00fablicos y ciudadanos hicieron frente al gobernador michoacano, quienes le exigieron esclarecer el crimen y castigar a los responsables.<\/p>\n\n\n\n<p>No solo al interior de la funeraria Ram\u00edrez Bedolla recibi\u00f3 reclamos, la situaci\u00f3n se complic\u00f3 a su salida, ya que cientos de personas que estaban reunidas con veladoras y coronas de flores le exigieron que el homicidio no quede impune.<\/p>\n\n\n\n<p>Sin embargo, el gobernador debi\u00f3 apretar el paso hacia su camioneta, ya que los inconformes con su presencia&nbsp;<strong>comenzaron a gritarle \u201casesino\u201d&nbsp;<\/strong>y que mejor se fuera de ah\u00ed<\/p>\n","protected":false},"excerpt":{"rendered":"<p>Durante el&nbsp;funeral de Carlos Manzo, alcalde de Uruapan, que fue asesinado este s\u00e1bado 1 de noviembre durante un acto p\u00fablico, se present\u00f3 un incidente por la presencia del&nbsp;gobernador de Michoac\u00e1n, Alfredo Ram\u00edrez Bedolla. En medio de un fuerte dispositivo de seguridad, el gobernador michoacano, de Morena, fue recibido entre reclamos de justicia y expresiones de [&hellip;]<\/p>\n","protected":false},"author":1,"featured_media":70565,"comment_status":"open","ping_status":"open","sticky":false,"template":"","format":"standard","meta":{"om_disable_all_campaigns":false,"_monsterinsights_skip_tracking":false,"_monsterinsights_sitenote_active":false,"_monsterinsights_sitenote_note":"","_monsterinsights_sitenote_category":0,"footnotes":""},"categories":[176],"tags":[],"class_list":["post-70564","post","type-post","status-publish","format-standard","has-post-thumbnail","hentry","category-nacional"],"amp_enabled":true,"_links":{"self":[{"href":"https:\/\/lahora.mx\/index.php\/wp-json\/wp\/v2\/posts\/70564","targetHints":{"allow":["GET"]}}],"collection":[{"href":"https:\/\/lahora.mx\/index.php\/wp-json\/wp\/v2\/posts"}],"about":[{"href":"https:\/\/lahora.mx\/index.php\/wp-json\/wp\/v2\/types\/post"}],"author":[{"embeddable":true,"href":"https:\/\/lahora.mx\/index.php\/wp-json\/wp\/v2\/users\/1"}],"replies":[{"embeddable":true,"href":"https:\/\/lahora.mx\/index.php\/wp-json\/wp\/v2\/comments?post=70564"}],"version-history":[{"count":1,"href":"https:\/\/lahora.mx\/index.php\/wp-json\/wp\/v2\/posts\/70564\/revisions"}],"predecessor-version":[{"id":70566,"href":"https:\/\/lahora.mx\/index.php\/wp-json\/wp\/v2\/posts\/70564\/revisions\/70566"}],"wp:featuredmedia":[{"embeddable":true,"href":"https:\/\/lahora.mx\/index.php\/wp-json\/wp\/v2\/media\/70565"}],"wp:attachment":[{"href":"https:\/\/lahora.mx\/index.php\/wp-json\/wp\/v2\/media?parent=70564"}],"wp:term":[{"taxonomy":"category","embeddable":true,"href":"https:\/\/lahora.mx\/index.php\/wp-json\/wp\/v2\/categories?post=70564"},{"taxonomy":"post_tag","embeddable":true,"href":"https:\/\/lahora.mx\/index.php\/wp-json\/wp\/v2\/tags?post=70564"}],"curies":[{"name":"wp","href":"https:\/\/api.w.org\/{rel}","templated":true}]}}