{"id":70561,"date":"2025-11-02T22:53:48","date_gmt":"2025-11-02T22:53:48","guid":{"rendered":"https:\/\/lahora.mx\/?p=70561"},"modified":"2025-11-02T22:54:32","modified_gmt":"2025-11-02T22:54:32","slug":"no-mataron-al-presidente-de-uruapan-mataron-al-mejor-presidente-de-mexico-esposa-de-manzo","status":"publish","type":"post","link":"https:\/\/lahora.mx\/index.php\/2025\/11\/02\/no-mataron-al-presidente-de-uruapan-mataron-al-mejor-presidente-de-mexico-esposa-de-manzo\/","title":{"rendered":"\u201cNo mataron al presidente de Uruapan, mataron al mejor presidente de M\u00e9xico\u201d: esposa de Manzo"},"content":{"rendered":"\n<p>Durante el homenaje p\u00f3stumo del<a href=\"https:\/\/www.eluniversal.com.mx\/nacion\/ligan-al-asesino-de-carlos-manzo-con-grupos-delictivos-alcalde-contaba-con-14-elementos-de-la-guardia-nacional-gabinete-de-seguridad\/\">\u00a0<\/a>Presidente Municipal, Carlos Manzo,\u00a0celebrado este domingo en<strong>\u00a0Uruapan<\/strong>,\u00a0<strong>Michoac\u00e1n<\/strong>\u00a0tras ser asesinado en un ataque directo la noche de ayer\u00a0<strong>Grecia Quiroz Garc\u00eda<\/strong>\u00a0emiti\u00f3 un mensaje donde destac\u00f3 la lucha de su esposo: \u00abno mataron al<a href=\"https:\/\/www.eluniversal.com.mx\/estados\/entre-indignacion-y-reclamos-despiden-a-carlos-manzo-alcalde-de-uruapan-asesinado-durante-festival\/\"><strong>\u00a0presidente<\/strong>\u00a0de\u00a0<strong>Uruapan<\/strong><\/a>, mataron al mejor presidente de M\u00e9xico, al \u00fanico que se atrevi\u00f3 a levantar la voz, al \u00fanico que se atrevi\u00f3 a debatir, a hablar con la verdad&#8230; Sin temor a nada, sin temor a perder su vida, sin temor a dejar a sus hijos hu\u00e9rfanos el d\u00eda de hoy\u00bb.<\/p>\n\n\n\n<p>Adem\u00e1s, agradeci\u00f3 el apoyo del pueblo y se\u00f1al\u00f3 que seguir\u00e1n con el legado que inici\u00f3 su esposo.<\/p>\n\n\n\n<p>\u00abHoy agradezco a toda la gente que est\u00e1 aqu\u00ed reunida porque s\u00e9, s\u00e9 que esta gente lo apoy\u00f3 siempre, en todo momento, desde que recaudamos las firmas, desde que caminamos en las calles para pedir su apoyo, un apoyo que era para cambiar muchas cosas que \u00e9l quer\u00eda pero que hoy truncan ese camino. Pero como bien lo dijo su hermano, aunque apagaron su, no apagar\u00e1n esta lucha&#8230;\u00a0<strong>Seguiremos luchando<\/strong>\u00a0junto con el\u00a0<strong>movimiento<\/strong>\u00a0del\u00a0<strong>sombrero<\/strong>\u00ab, dijo ante los presentes.<\/p>\n\n\n\n<p><strong>Carlos Manzo<\/strong>, alcalde de Uruapan, fue asesinado ayer en un evento p\u00fablico, poco despu\u00e9s de departir con su familia y su hijo de brazos.<\/p>\n\n\n\n<p>Manzo hab\u00eda denunciado varias veces la inseguridad y la falta de apoyo de la federaci\u00f3n. Hab\u00eda sido vocal en cuanto a que el C\u00e1rtel Jalisco Nueva Generaci\u00f3n (<strong>CJNG<\/strong>) ten\u00eda una amenaza en su contra<\/p>\n","protected":false},"excerpt":{"rendered":"<p>Durante el homenaje p\u00f3stumo del\u00a0Presidente Municipal, Carlos Manzo,\u00a0celebrado este domingo en\u00a0Uruapan,\u00a0Michoac\u00e1n\u00a0tras ser asesinado en un ataque directo la noche de ayer\u00a0Grecia Quiroz Garc\u00eda\u00a0emiti\u00f3 un mensaje donde destac\u00f3 la lucha de su esposo: \u00abno mataron al\u00a0presidente\u00a0de\u00a0Uruapan, mataron al mejor presidente de M\u00e9xico, al \u00fanico que se atrevi\u00f3 a levantar la voz, al \u00fanico que se atrevi\u00f3 [&hellip;]<\/p>\n","protected":false},"author":1,"featured_media":70562,"comment_status":"open","ping_status":"open","sticky":false,"template":"","format":"standard","meta":{"om_disable_all_campaigns":false,"_monsterinsights_skip_tracking":false,"_monsterinsights_sitenote_active":false,"_monsterinsights_sitenote_note":"","_monsterinsights_sitenote_category":0,"footnotes":""},"categories":[176,5],"tags":[],"class_list":["post-70561","post","type-post","status-publish","format-standard","has-post-thumbnail","hentry","category-nacional","category-politica"],"amp_enabled":true,"_links":{"self":[{"href":"https:\/\/lahora.mx\/index.php\/wp-json\/wp\/v2\/posts\/70561","targetHints":{"allow":["GET"]}}],"collection":[{"href":"https:\/\/lahora.mx\/index.php\/wp-json\/wp\/v2\/posts"}],"about":[{"href":"https:\/\/lahora.mx\/index.php\/wp-json\/wp\/v2\/types\/post"}],"author":[{"embeddable":true,"href":"https:\/\/lahora.mx\/index.php\/wp-json\/wp\/v2\/users\/1"}],"replies":[{"embeddable":true,"href":"https:\/\/lahora.mx\/index.php\/wp-json\/wp\/v2\/comments?post=70561"}],"version-history":[{"count":1,"href":"https:\/\/lahora.mx\/index.php\/wp-json\/wp\/v2\/posts\/70561\/revisions"}],"predecessor-version":[{"id":70563,"href":"https:\/\/lahora.mx\/index.php\/wp-json\/wp\/v2\/posts\/70561\/revisions\/70563"}],"wp:featuredmedia":[{"embeddable":true,"href":"https:\/\/lahora.mx\/index.php\/wp-json\/wp\/v2\/media\/70562"}],"wp:attachment":[{"href":"https:\/\/lahora.mx\/index.php\/wp-json\/wp\/v2\/media?parent=70561"}],"wp:term":[{"taxonomy":"category","embeddable":true,"href":"https:\/\/lahora.mx\/index.php\/wp-json\/wp\/v2\/categories?post=70561"},{"taxonomy":"post_tag","embeddable":true,"href":"https:\/\/lahora.mx\/index.php\/wp-json\/wp\/v2\/tags?post=70561"}],"curies":[{"name":"wp","href":"https:\/\/api.w.org\/{rel}","templated":true}]}}