{"id":7055,"date":"2022-05-17T20:37:17","date_gmt":"2022-05-17T20:37:17","guid":{"rendered":"http:\/\/lahora.mx\/?p=7055"},"modified":"2022-05-17T20:39:32","modified_gmt":"2022-05-17T20:39:32","slug":"las-finanzas-del-ayuntamiento-de-puebla-estarian-en-peligro-tras-remunicipalizar-el-agua-eduardo-rivera","status":"publish","type":"post","link":"https:\/\/lahora.mx\/index.php\/2022\/05\/17\/las-finanzas-del-ayuntamiento-de-puebla-estarian-en-peligro-tras-remunicipalizar-el-agua-eduardo-rivera\/","title":{"rendered":"Las finanzas del Ayuntamiento de Puebla estar\u00edan en peligro tras remunicipalizar el agua  Eduardo Rivera"},"content":{"rendered":"\n<p>Tras la declaraci\u00f3n de la exalcaldesa Cluadia Rivera Vivanco referente a que el municipio de Puebla cuenta con f<strong>inanzas sanas para coadyuvar a la remunicipalizaci\u00f3n del agua potable,<\/strong>\u00a0el alcalde\u00a0<strong>Eduardo Rivera P\u00e9rez contest\u00f3 que la morenista no tiene idea de lo que significan las finanzas<\/strong>, ni lo que implicar\u00eda esta decisi\u00f3n, pues\u00a0<strong>con esto se ahorcar\u00edan los ingresos del ayuntamiento.<\/strong><\/p>\n\n\n\n<p>En entrevista, el edil apunt\u00f3 que este tema tiene que ver con m\u00e1s factores, pues hay una deuda al<strong>\u00a0Sistema Operador de los Servicios de Agua Potable y Alcantarillado del Municipio de Puebla (Soapap),\u00a0<\/strong>por lo que al desprivatizarse, el gobierno de la ciudad tendr\u00eda que cargar con ella.<br><\/p>\n\n\n\n<p><em>\u201cEn relaci\u00f3n a la declaraci\u00f3n que hace la ex presidenta, con todo respeto creo que no tiene idea de lo que significan las finanzas del municipio de Puebla, la implicaci\u00f3n que representa para el gobierno de la ciudad, el absorber con toda la deuda que se tiene del sistema operador de agua potable en el municipio, en el \u00e1rea metropolitana y lo que esto implicar\u00eda para el propio gobierno de la ciudad\u201d,<\/em>&nbsp;dijo.<\/p>\n\n\n\n<p>Asimismo, apunt\u00f3 que&nbsp;<strong>para tener una postura es necesaria la reuni\u00f3n con el mandatario estatal a fin de encontrar una soluci\u00f3n consensuada,<\/strong>&nbsp;ya que, debe ver el papel que tendr\u00e1 el ayuntamiento para ya sea continuar con la concesi\u00f3n actual o buscar otras alternativas que&nbsp;<strong>permitan un mejor servicio y precios del l\u00edquido.<\/strong><\/p>\n\n\n\n<p>Por tanto, sostuvo es fundamental investigar y trabajar a fondo el tema, puesto que&nbsp;<strong>de cancelar la concesi\u00f3n tambi\u00e9n implicar\u00eda cuestiones legales con las partes involucradas&nbsp;<\/strong>y para ello es mejor esperar a que el gobierno del estado finalice el an\u00e1lisis que realiza sobre la desprivatizaci\u00f3n del agua.<\/p>\n\n\n\n<p><strong><em>\u201cComo lo ha dicho el gobernador, el poder trasladar una situaci\u00f3n tal como se encuentra hoy el tema de la concesi\u00f3n del agua al municipio de Puebla, ahorcar\u00eda totalmente las finanzas del gobierno de la ciudad, entonces hay que como dice el gobernador, hay que estudiar, hay que leer, hay que ver las implicaciones que esto significa para Puebla y es un tema complicado, muy, muy complejo\u201d,&nbsp;<\/em><\/strong>subray\u00f3 el alcalde.<\/p>\n\n\n\n<p>Rivera P\u00e9rez dej\u00f3 en claro que est\u00e1 en espera de que el gobernador Barbosa Huerta lo llame a una reuni\u00f3n para determinar las implicaciones de finalizar la concesi\u00f3n a Agua de Puebla o regresarle el poder al municipio, pues solo as\u00ed podr\u00e1 fijar una postura al respecto.<\/p>\n\n\n\n<p><strong>\u201cNo hay ninguna confusi\u00f3n porque no depende solamente del gobierno de la ciudad y del gobierno de Puebla, sino tambi\u00e9n depende de este an\u00e1lisis que se est\u00e1 haciendo y estar\u00e9 muy al pendiente de cuando el gobernador tenga concluido su an\u00e1lisis, de poder reunirnos y poder llegar seguramente espero una una salida consensuada entre el gobierno del estado y de la ciudad\u201d.<\/strong><\/p>\n\n\n\n<p>El pasado 16 de mayo, la expresidenta Rivera Vivanco mencion\u00f3 que el mun\u00edcipe emanado del PAN tiene un mejor escenario en comparaci\u00f3n con el que ella tuvo en 2018, pues el mandatario estatal ha dado pie a este tema de remunicipalizar el agua, as\u00ed como cuenta con finanzas sanas, as\u00ed como ella las dej\u00f3.<\/p>\n","protected":false},"excerpt":{"rendered":"<p>Tras la declaraci\u00f3n de la exalcaldesa Cluadia Rivera Vivanco referente a que el municipio de Puebla cuenta con finanzas sanas para coadyuvar a la remunicipalizaci\u00f3n del agua potable,\u00a0el alcalde\u00a0Eduardo Rivera P\u00e9rez contest\u00f3 que la morenista no tiene idea de lo que significan las finanzas, ni lo que implicar\u00eda esta decisi\u00f3n, pues\u00a0con esto se ahorcar\u00edan los [&hellip;]<\/p>\n","protected":false},"author":4,"featured_media":7059,"comment_status":"open","ping_status":"open","sticky":false,"template":"","format":"standard","meta":{"om_disable_all_campaigns":false,"_monsterinsights_skip_tracking":false,"_monsterinsights_sitenote_active":false,"_monsterinsights_sitenote_note":"","_monsterinsights_sitenote_category":0,"footnotes":""},"categories":[175],"tags":[195,223],"class_list":["post-7055","post","type-post","status-publish","format-standard","has-post-thumbnail","hentry","category-local","tag-principal","tag-puebla"],"amp_enabled":true,"_links":{"self":[{"href":"https:\/\/lahora.mx\/index.php\/wp-json\/wp\/v2\/posts\/7055","targetHints":{"allow":["GET"]}}],"collection":[{"href":"https:\/\/lahora.mx\/index.php\/wp-json\/wp\/v2\/posts"}],"about":[{"href":"https:\/\/lahora.mx\/index.php\/wp-json\/wp\/v2\/types\/post"}],"author":[{"embeddable":true,"href":"https:\/\/lahora.mx\/index.php\/wp-json\/wp\/v2\/users\/4"}],"replies":[{"embeddable":true,"href":"https:\/\/lahora.mx\/index.php\/wp-json\/wp\/v2\/comments?post=7055"}],"version-history":[{"count":2,"href":"https:\/\/lahora.mx\/index.php\/wp-json\/wp\/v2\/posts\/7055\/revisions"}],"predecessor-version":[{"id":7060,"href":"https:\/\/lahora.mx\/index.php\/wp-json\/wp\/v2\/posts\/7055\/revisions\/7060"}],"wp:featuredmedia":[{"embeddable":true,"href":"https:\/\/lahora.mx\/index.php\/wp-json\/wp\/v2\/media\/7059"}],"wp:attachment":[{"href":"https:\/\/lahora.mx\/index.php\/wp-json\/wp\/v2\/media?parent=7055"}],"wp:term":[{"taxonomy":"category","embeddable":true,"href":"https:\/\/lahora.mx\/index.php\/wp-json\/wp\/v2\/categories?post=7055"},{"taxonomy":"post_tag","embeddable":true,"href":"https:\/\/lahora.mx\/index.php\/wp-json\/wp\/v2\/tags?post=7055"}],"curies":[{"name":"wp","href":"https:\/\/api.w.org\/{rel}","templated":true}]}}