{"id":7052,"date":"2022-05-17T20:32:25","date_gmt":"2022-05-17T20:32:25","guid":{"rendered":"http:\/\/lahora.mx\/?p=7052"},"modified":"2022-05-17T20:32:26","modified_gmt":"2022-05-17T20:32:26","slug":"la-gobernadora-lorena-cuellar-inaugura-modulo-de-atencion-a-victimas-en-tlaxco","status":"publish","type":"post","link":"https:\/\/lahora.mx\/index.php\/2022\/05\/17\/la-gobernadora-lorena-cuellar-inaugura-modulo-de-atencion-a-victimas-en-tlaxco\/","title":{"rendered":"La gobernadora Lorena Cu\u00e9llar inaugura m\u00f3dulo de atenci\u00f3n a v\u00edctimas en Tlaxco"},"content":{"rendered":"\n<p>La gobernadora Lorena Cu\u00e9llar Cisneros inaugur\u00f3 el M\u00f3dulo de Atenci\u00f3n a V\u00edctimas en el municipio de Tlaxco, que impulsa la administraci\u00f3n estatal a trav\u00e9s de la Comisi\u00f3n Ejecutiva de Atenci\u00f3n a V\u00edctimas y Ofendidos (Ceavo), con el objetivo de acercar y brindar atenci\u00f3n jur\u00eddica, psicol\u00f3gica y m\u00e9dica de manera oportuna a quienes lo requieran.<\/p>\n\n\n\n<p>La mandataria estatal reconoci\u00f3 el inter\u00e9s del presidente municipal de Tlaxco, Armando Flores L\u00f3pez, de trabajar en conjunto con el Gobierno del Estado, al facilitar las instalaciones para la puesta en marcha de la oficina que dar\u00e1 atenci\u00f3n de manera gratuita.<\/p>\n\n\n\n<p>Cu\u00e9llar Cisneros agradeci\u00f3 el profesionalismo de quienes atender\u00e1n en esta \u00e1rea, \u201ctenemos un gran compromiso con Tlaxcala, Tlaxco y con cada uno de los rincones del estado, no vamos a parar, para m\u00ed es muy emocionante saber que as\u00ed es en cada municipio\u201d.<\/p>\n\n\n\n<p>A su vez, la secretaria t\u00e9cnica de la Ceavo, Dora Delia Hern\u00e1ndez Rold\u00e1n refiri\u00f3 que con esta acci\u00f3n avanzan en materia de atenci\u00f3n a v\u00edctimas, gracias a la suma de voluntades con el municipio, \u201choy estamos m\u00e1s cercanos a la gente para darle una atenci\u00f3n pronta a quien nos necesita\u201d.<\/p>\n\n\n\n<p>Puntualiz\u00f3 que el cuarto m\u00f3dulo regional tambi\u00e9n cuenta con recurso federal derivado del Fondo de Aportaciones para la Seguridad P\u00fablica (FASP), en el que brindar\u00e1n orientaci\u00f3n jur\u00eddica, psicol\u00f3gica y m\u00e9dica a habitantes de los municipios de Tlaxco, Tetla y Atlangatepec.<\/p>\n\n\n\n<p>Mientras que el alcalde Tlaxco agradeci\u00f3 el apoyo para la instalaci\u00f3n del espacio que ayudar\u00e1 y asesorar\u00e1 a las personas, \u201csiempre hay un lugar cuando hay voluntad, no lo ten\u00edamos, pero lo construimos (\u2026) gracias gobernadora porque usted est\u00e1 trabajando en diferentes vertientes para el beneficio de todos, nosotros nos sumamos y hacemos sinergia con su gobierno\u201d.<\/p>\n\n\n\n<p>Durante el evento, anunciaron que en pr\u00f3ximas fechas se inaugurar\u00e1 el m\u00f3dulo de Zacatelco, lo que permitir\u00e1 abarcar 45 municipios del estado en atenci\u00f3n a v\u00edctimas de manera directa.<\/p>\n\n\n\n<p>Al acto acudieron la presidenta del Comit\u00e9 Consultivo de Bienestar Social del Estado de Tlaxcala, Mar\u00eda Fernanda Espinosa de los Monteros Cu\u00e9llar; la diputada local, Diana Torrej\u00f3n Rodr\u00edguez; la presidenta del Sistema Municipal de Tlaxco, Rosa Cer\u00f3n S\u00e1nchez, as\u00ed como integrantes del cabildo y dem\u00e1s invitados especiales. (Bolet\u00edn)<\/p>\n","protected":false},"excerpt":{"rendered":"<p>La gobernadora Lorena Cu\u00e9llar Cisneros inaugur\u00f3 el M\u00f3dulo de Atenci\u00f3n a V\u00edctimas en el municipio de Tlaxco, que impulsa la administraci\u00f3n estatal a trav\u00e9s de la Comisi\u00f3n Ejecutiva de Atenci\u00f3n a V\u00edctimas y Ofendidos (Ceavo), con el objetivo de acercar y brindar atenci\u00f3n jur\u00eddica, psicol\u00f3gica y m\u00e9dica de manera oportuna a quienes lo requieran. La [&hellip;]<\/p>\n","protected":false},"author":4,"featured_media":7053,"comment_status":"open","ping_status":"open","sticky":false,"template":"","format":"standard","meta":{"om_disable_all_campaigns":false,"_monsterinsights_skip_tracking":false,"_monsterinsights_sitenote_active":false,"_monsterinsights_sitenote_note":"","_monsterinsights_sitenote_category":0,"footnotes":""},"categories":[176],"tags":[210],"class_list":["post-7052","post","type-post","status-publish","format-standard","has-post-thumbnail","hentry","category-nacional","tag-tlaxcala"],"amp_enabled":true,"_links":{"self":[{"href":"https:\/\/lahora.mx\/index.php\/wp-json\/wp\/v2\/posts\/7052","targetHints":{"allow":["GET"]}}],"collection":[{"href":"https:\/\/lahora.mx\/index.php\/wp-json\/wp\/v2\/posts"}],"about":[{"href":"https:\/\/lahora.mx\/index.php\/wp-json\/wp\/v2\/types\/post"}],"author":[{"embeddable":true,"href":"https:\/\/lahora.mx\/index.php\/wp-json\/wp\/v2\/users\/4"}],"replies":[{"embeddable":true,"href":"https:\/\/lahora.mx\/index.php\/wp-json\/wp\/v2\/comments?post=7052"}],"version-history":[{"count":1,"href":"https:\/\/lahora.mx\/index.php\/wp-json\/wp\/v2\/posts\/7052\/revisions"}],"predecessor-version":[{"id":7054,"href":"https:\/\/lahora.mx\/index.php\/wp-json\/wp\/v2\/posts\/7052\/revisions\/7054"}],"wp:featuredmedia":[{"embeddable":true,"href":"https:\/\/lahora.mx\/index.php\/wp-json\/wp\/v2\/media\/7053"}],"wp:attachment":[{"href":"https:\/\/lahora.mx\/index.php\/wp-json\/wp\/v2\/media?parent=7052"}],"wp:term":[{"taxonomy":"category","embeddable":true,"href":"https:\/\/lahora.mx\/index.php\/wp-json\/wp\/v2\/categories?post=7052"},{"taxonomy":"post_tag","embeddable":true,"href":"https:\/\/lahora.mx\/index.php\/wp-json\/wp\/v2\/tags?post=7052"}],"curies":[{"name":"wp","href":"https:\/\/api.w.org\/{rel}","templated":true}]}}